{"id":86065,"date":"2011-12-16T15:13:58","date_gmt":"2011-12-16T14:13:58","guid":{"rendered":"http:\/\/www.cronacaonline.it\/public\/content\/index.php\/16\/12\/2011\/domani-da-ozieri-parte-la-quarta-edizione-del-rally-ronde-costa-smeralda"},"modified":"2011-12-16T15:13:58","modified_gmt":"2011-12-16T14:13:58","slug":"domani-da-ozieri-parte-la-quarta-edizione-del-rally-ronde-costa-smeralda","status":"publish","type":"post","link":"https:\/\/www.cronacaonline.it\/index.php\/2011\/12\/16\/domani-da-ozieri-parte-la-quarta-edizione-del-rally-ronde-costa-smeralda\/","title":{"rendered":"Domani da Ozieri parte la quarta edizione del Rally Ronde Costa Smeralda,."},"content":{"rendered":"<p><SPAN style=\"FONT-FAMILY: 'Verdana','sans-serif'\">Prende il via domani a Ozieri la quarta edizione del Rally Ronde Costa Smeralda, quest\u2019anno spostato dalla Gallura a Ozieri nel cuore del Logudoro . Sar\u00e0 la gara che assegner\u00e0 il titolo sardo e questo fa crescere di molto la tensione agonistica per la sfida sui complessivi 209 Km da percorrere, con una spettacolare e impegnativa prova speciale di 10 Km ( con quattro passaggi) che attraverser\u00e0, partendo da Ozieri, il centro abitato di Nughedu San Nicol\u00f2 per arrivare nei pressi di Ittireddu.<\/SPAN><\/p>\n<p><SPAN style=\"FONT-FAMILY: 'Verdana','sans-serif'\">Sei potenti e spettacolari WRC guideranno una parco partenti di primordine con una cinquantina di equipaggi pronti a regalare spettacolo<SPAN style=\"mso-spacerun: yes\">&nbsp; <\/SPAN>e emozioni in questa prova pre-natalizia di rally su asfalto.<\/SPAN><\/p>\n<p><SPAN style=\"FONT-FAMILY: 'Verdana','sans-serif'\">La gara, organizzata dalla Great Events Sardinia \u00e8 stata presentata ufficialmente stamattina a Ozieri presso la sede dell\u2019Unione dei Comuni del Logudoro. Gli organizzatori hanno spiegato, assieme agli amministratori del territorio, ai responsabili tecnici della prova e agli addetti ai lavori, i punti salienti di questa gara conclusiva della stagione agonistica isolana 2011 e hanno illustrato le novit\u00e0, tra cui l\u2019adozione, per la prima volta in una gara di rally in Italia, del sistema di controllo dei concorrenti via internet del Live Tracking, sistema adottato dall\u2019associazione dei cronometristi di Sassari.<\/SPAN><\/p>\n<p><SPAN style=\"FONT-FAMILY: 'Verdana','sans-serif'\">Domani , dopo le verifiche tecnico-sportive ante gara (che chiuderanno alle ore 17 con la pubblicazione delle vetture ammesse) e lo Shakedown (in programma dalle 13,30 fino alle 17 lungo la ss Ittireddu-Ozieri, ci sar\u00e0 la cerimonia di partenza dalla centrale Piazza Garibaldi di Ozieri alle ore 19,30 e domenica ci sar\u00e0 il gran giorno delle sfide a tutto gas. Obiettivo l\u2019arrivo , dopo quattro impegnative tornate, nella stessa Piazza Garibaldi alle ore 16,55. <\/SPAN><\/p>\n<p><SPAN style=\"FONT-FAMILY: 'Verdana','sans-serif'\">Nel Logudoro sale la febbre da rally e tutto \u00e8 pronto per questo rally su asfalto, valido come prova conclusiva e decisiva del campionato sardo rally Aci-Csai e del prestigioso circuito Irs (international rally series), che avr\u00e0 al via tanti equipaggi qualificati con in testa i due attuali capoclassifica del campionato sardo, Maurizio Diomedi (dominatore della stagione 2011 dei rally isolani su asfalto e vincitore del Challenge nazionale nona zona, alla guida di una Skoda Fabia Wrc e navigato da Mauro Turati) e Claudio Addis , vincitore di questa gara nel 2010 e recente vincitore del Rally Ronde D\u2019Ogliastra, in gara con la Citroen C4 Wrc assieme all\u2019esperto navigatore Alessandro Silecchia. Diomedi nella classifica provvisoria del campionato sardo ha due soli punti di vantaggio su Addis e questa di domani potrebbe essere la prova decisiva del campionato dove Silecchia , tra i navigatori guida con margine netto e punta decisamente a questo titolo.<\/SPAN><\/p>\n<p><SPAN style=\"FONT-FAMILY: 'Verdana','sans-serif'\">Si annuncia per il mondo del rallismo isolano un fine settimana da alta intensit\u00e0 agonistica e emotiva con questa gara che all\u2019arrivo ad Ozieri di domani potrebbe riservare tante sorprese .<SPAN style=\"mso-spacerun: yes\">&nbsp;&nbsp; <\/SPAN>Sul fronte equipaggi, oltre gli annunciati Addis-Silecchia e Diomedi Turati , ci sar\u00e0 da seguire l\u2019esordio con una WRC Citroen Xara di Auro Siddi, navigato da Maya Barbero,<SPAN style=\"mso-spacerun: yes\">&nbsp; <\/SPAN>e sempre con le WRC, saranno in gara provenienti dalla penisola<SPAN style=\"mso-spacerun: yes\">&nbsp; <\/SPAN>Dainesi-Bonaldi (Citroen Xara), Beltrami-Sala (Peugeot 206), Sulmoni-Bernasconi (Subaru Impreza).<\/SPAN><\/p>\n<p><SPAN style=\"FONT-FAMILY: 'Verdana','sans-serif'\">Potrebbe inserirsi nella lotta per i primi posti anche la super 2000 di Ruggeri-Riva ( Fiat Abarth Grande Punto) e lotteranno per le posizioni di vertice anche le super 1600 di Sebastiano Putzu-Claudio Mele, Umberto Soletta-Luigi Pittalis e Gianluca Leoni-Gianpaolo Mura.<\/SPAN><\/p>\n<p><SPAN style=\"FONT-FAMILY: 'Verdana','sans-serif'\">Non vorranno sfigurare, visto che si corre per le strade di casa,<SPAN style=\"mso-spacerun: yes\">&nbsp;&nbsp; <\/SPAN>con le tre Mitsubishi Lancer Evo N4<SPAN style=\"mso-spacerun: yes\">&nbsp; <\/SPAN>a quattro ruote motrici (ma potranno avere qualche chance in pi\u00f9 solo se piover\u00e0), il sempre valido Francesco Marrone ( ci sar\u00e0 anche il figlio Stefano con la Citoren Saxo Vts N2), Marco Canu e Cenzo Ledda. Stesso discorso vale per Giacomo Solinas-Giacomo Deroma (Renault Clio R3 C). Poi seguiranno l\u2019agguerrito gruppo delle A7 dove spiccano Thomas Carboni e Daniel Donisi<SPAN style=\"mso-spacerun: yes\">&nbsp; <\/SPAN>e l\u2019equipaggio osilese del \u201cprogetto Mite\u201d Nuccio Pulinas-Francesco Cozzula.<\/SPAN><\/p>\n<p><SPAN style=\"FONT-FAMILY: 'Verdana','sans-serif'\">Direttore di gara e supervisore della manifestazione sar\u00e0 l\u2019esperto Mauro Zambelli, che in questa veste ha dato inizio alla stagione agonistica isolana dei motori con la Ronde dei Due Comuni Erula-Tula a febbraio e ora chiude con questa gara di met\u00e0 dicembre, e su questa gara ha gi\u00e0 espresso un giudizio pi\u00f9 che positivo per la spettacolarit\u00e0 del percorso.<\/SPAN><\/p>\n<p><SPAN style=\"FONT-FAMILY: 'Verdana','sans-serif'\">Chiariti oggi gli ultimi dettagli tecnici di questa interessante corsa la manifestazione potr\u00e0 contare anche su una sfilata di auto e moto d\u2019epoca del Club il Volante di Sassari. Sfileranno, per la gioia degli appassionati rallisti, alcune vetture che hanno scritto pagine importanti nella storia dei rally , sia nazionali che internazionali, come la Lancia Delta Integrale e la Lancia Fulvia Cup\u00e8. Com<\/SPAN><\/p>\n","protected":false},"excerpt":{"rendered":"<p>Prende il via domani a Ozieri la quarta edizione del Rally Ronde Costa Smeralda, quest\u2019anno spostato dalla Gallura a Ozieri nel cuore del Logudoro .&#8230;<\/p>\n","protected":false},"author":2,"featured_media":0,"comment_status":"closed","ping_status":"closed","sticky":false,"template":"","format":"standard","meta":[],"categories":[49],"tags":[],"_links":{"self":[{"href":"https:\/\/www.cronacaonline.it\/index.php\/wp-json\/wp\/v2\/posts\/86065"}],"collection":[{"href":"https:\/\/www.cronacaonline.it\/index.php\/wp-json\/wp\/v2\/posts"}],"about":[{"href":"https:\/\/www.cronacaonline.it\/index.php\/wp-json\/wp\/v2\/types\/post"}],"author":[{"embeddable":true,"href":"https:\/\/www.cronacaonline.it\/index.php\/wp-json\/wp\/v2\/users\/2"}],"replies":[{"embeddable":true,"href":"https:\/\/www.cronacaonline.it\/index.php\/wp-json\/wp\/v2\/comments?post=86065"}],"version-history":[{"count":0,"href":"https:\/\/www.cronacaonline.it\/index.php\/wp-json\/wp\/v2\/posts\/86065\/revisions"}],"wp:attachment":[{"href":"https:\/\/www.cronacaonline.it\/index.php\/wp-json\/wp\/v2\/media?parent=86065"}],"wp:term":[{"taxonomy":"category","embeddable":true,"href":"https:\/\/www.cronacaonline.it\/index.php\/wp-json\/wp\/v2\/categories?post=86065"},{"taxonomy":"post_tag","embeddable":true,"href":"https:\/\/www.cronacaonline.it\/index.php\/wp-json\/wp\/v2\/tags?post=86065"}],"curies":[{"name":"wp","href":"https:\/\/api.w.org\/{rel}","templated":true}]}}