{"id":85745,"date":"2011-11-18T15:13:58","date_gmt":"2011-11-18T14:13:58","guid":{"rendered":"http:\/\/www.cronacaonline.it\/public\/content\/index.php\/18\/11\/2011\/il-presidente-cappellacci-alle-parti-sociali-unagenda-sardegna-per-orientare-sia-azione-politica-regionale-che-rivendicazioni-nei-confronti-dello-stato"},"modified":"2011-11-18T15:13:58","modified_gmt":"2011-11-18T14:13:58","slug":"il-presidente-cappellacci-alle-parti-sociali-unagenda-sardegna-per-orientare-sia-azione-politica-regionale-che-rivendicazioni-nei-confronti-dello-stato","status":"publish","type":"post","link":"https:\/\/www.cronacaonline.it\/index.php\/2011\/11\/18\/il-presidente-cappellacci-alle-parti-sociali-unagenda-sardegna-per-orientare-sia-azione-politica-regionale-che-rivendicazioni-nei-confronti-dello-stato\/","title":{"rendered":"Il Presidente Cappellacci alle parti sociali: &#8220;Un&#8217;agenda Sardegna per orientare sia azione politica regionale che rivendicazioni nei confronti dello Stato&#8221;."},"content":{"rendered":"<p>Il presidente della Regione, Ugo Cappellacci, ha rivolto un appello alle parti sociali per \"redigere insieme un\u2019agenda-Sardegna, finalizzata ad orientare condividere le prossime iniziative su due piani: il primo riguarda il livello delle politiche regionali, ad iniziare dalla manovra Finanziaria; il secondo \u00e8 quello inerente alle rivendicazioni nei confronti dello Stato sulle questioni ancora aperte e, in particolare, sulla vertenza entrate, sulla questione Equitalia, sul patto di stabilit\u00e0, sui trasporti e le infrastrutture\". <\/p>\n<p>\"La situazione economica e sociale della nostra Isola - ha precisato Cappellacci - richiede la massima coesione della politica e dell\u2019intera societ\u00e0 sarda. Ritengo doveroso fare nostre le preoccupazioni e le aspirazioni espresse da diversi settori della nostra comunit\u00e0, anche durante le recenti manifestazioni di piazza, e ricondurle con impegno e responsabilit\u00e0 a uno sbocco che deve essere costituito dall\u2019azione politica condivisa, concreta e determinata. Sulle grandi questioni e soprattutto su quelle che si decidono nei palazzi romani, \u00e8 necessaria un\u2019azione unitaria di tutta la societ\u00e0 sarda. In una fase come quella attraversata dall\u2019Isola e dall\u2019intero paese, pur nella diversit\u00e0 delle posizioni e delle valutazioni, il confronto, anche aspro, \u00e8 indispensabile per addivenire a soluzioni condivise. Ritengo altres\u00ec che, al di l\u00e0 delle diversit\u00e0 di fazione politica, di categoria e di campanile, sia comune, diffusa e forte la volont\u00e0 positiva di concorrere a determinare il futuro della Sardegna con idee, progetti e valori propri nella nostra Isola e non pi\u00f9 con scelte calate dall\u2019alto\". <\/p>\n<p>\"E\u2019 meglio \u2013 ha aggiunto il presidente, riprendendo una metafora gi\u00e0 richiamata nei giorni scorsi per rappresentare la necessit\u00e0 di superare ogni divisione- essere amici che diventare pascolo per avvoltoi e corvi. I numerosi precedenti della storia dell\u2019Autonomia \u2013 ha concluso il presidente- dimostrano che le divisioni hanno compromesso risultati che sembravano a portata di mano e che i momenti di coesione, di unit\u00e0 e di determinazione hanno invece consentito di raggiungere obiettivi apparentemente irraggiungibili\". Red.<\/p>\n","protected":false},"excerpt":{"rendered":"<p>Il presidente della Regione, Ugo Cappellacci, ha rivolto un appello alle parti sociali per &#8220;redigere insieme un\u2019agenda-Sardegna, finalizzata ad orientare condividere le prossime iniziative su&#8230;<\/p>\n","protected":false},"author":2,"featured_media":0,"comment_status":"closed","ping_status":"closed","sticky":false,"template":"","format":"standard","meta":[],"categories":[49],"tags":[],"_links":{"self":[{"href":"https:\/\/www.cronacaonline.it\/index.php\/wp-json\/wp\/v2\/posts\/85745"}],"collection":[{"href":"https:\/\/www.cronacaonline.it\/index.php\/wp-json\/wp\/v2\/posts"}],"about":[{"href":"https:\/\/www.cronacaonline.it\/index.php\/wp-json\/wp\/v2\/types\/post"}],"author":[{"embeddable":true,"href":"https:\/\/www.cronacaonline.it\/index.php\/wp-json\/wp\/v2\/users\/2"}],"replies":[{"embeddable":true,"href":"https:\/\/www.cronacaonline.it\/index.php\/wp-json\/wp\/v2\/comments?post=85745"}],"version-history":[{"count":0,"href":"https:\/\/www.cronacaonline.it\/index.php\/wp-json\/wp\/v2\/posts\/85745\/revisions"}],"wp:attachment":[{"href":"https:\/\/www.cronacaonline.it\/index.php\/wp-json\/wp\/v2\/media?parent=85745"}],"wp:term":[{"taxonomy":"category","embeddable":true,"href":"https:\/\/www.cronacaonline.it\/index.php\/wp-json\/wp\/v2\/categories?post=85745"},{"taxonomy":"post_tag","embeddable":true,"href":"https:\/\/www.cronacaonline.it\/index.php\/wp-json\/wp\/v2\/tags?post=85745"}],"curies":[{"name":"wp","href":"https:\/\/api.w.org\/{rel}","templated":true}]}}