{"id":85687,"date":"2011-11-25T15:13:58","date_gmt":"2011-11-25T14:13:58","guid":{"rendered":"http:\/\/www.cronacaonline.it\/public\/content\/index.php\/25\/11\/2011\/la-provincia-di-cagliari-protagonista-del-girolio-ditalia-al-parco-di-monte-claro"},"modified":"2011-11-25T15:13:58","modified_gmt":"2011-11-25T14:13:58","slug":"la-provincia-di-cagliari-protagonista-del-girolio-ditalia-al-parco-di-monte-claro","status":"publish","type":"post","link":"https:\/\/www.cronacaonline.it\/index.php\/2011\/11\/25\/la-provincia-di-cagliari-protagonista-del-girolio-ditalia-al-parco-di-monte-claro\/","title":{"rendered":"La Provincia di Cagliari protagonista del &#8220;GirOlio d&#8217;Italia&#8221; al Parco di Monte Claro."},"content":{"rendered":"<p>Domani, sabato 26, a partire dalle 10.30, e domenica 27 novembre, nel Parco provinciale di Monte Claro, la Provincia di Cagliari sar\u00e0 protagonista del \"GirOlio d'Italia\", un evento speciale che non vedr\u00e0 il ciclismo come protagonista, ma bens\u00ec l'oro verde italiano, l'olio d'oliva.<\/p>\n<p>Si tratta di una vera e propria staffetta che, dopo avere gi\u00e0 interessato gran parte delle regioni italiane accomunate dalle coltivazioni di ulivi e dalla produzione di olio d'oliva extravergine di qualit\u00e0, toccher\u00e0 ora l'Isola e pi\u00f9 precisamente Cagliari. La manifestazione ha ricevuto l'adesione e la medaglia d'argento per il suo alto valore divulgativo dal Presidente della Repubblica ed \u00e8 inserita nel calendario degli festeggiamenti per i 150 anni dell'Unit\u00e0 di Italia.<\/p>\n<p>\"Una manifestazione di pregio che, come nostro solito, accoglieremo con entusiasmo e nel migliore dei modi \u2013 ha detto l'assessore provinciale alle Attivit\u00e0 produttive Piero Comandini \u2013 perch\u00e9 divulgare la cultura dell'olivo e dell'olio di qualit\u00e0, tutelare e promuovere l'ambiente ed il paesaggio olivicolo, diffondere la storia dell'olivicoltura rappresentano iniziative che in ultimo possono non solo educare i cittadini, ma soprattutto valorizzare un prodotto e garantire al consumatore la qualit\u00e0 dello stesso\". Com.<\/p>\n","protected":false},"excerpt":{"rendered":"<p>Domani, sabato 26, a partire dalle 10.30, e domenica 27 novembre, nel Parco provinciale di Monte Claro, la Provincia di Cagliari sar\u00e0 protagonista del &#8220;GirOlio&#8230;<\/p>\n","protected":false},"author":2,"featured_media":0,"comment_status":"closed","ping_status":"closed","sticky":false,"template":"","format":"standard","meta":[],"categories":[49],"tags":[],"_links":{"self":[{"href":"https:\/\/www.cronacaonline.it\/index.php\/wp-json\/wp\/v2\/posts\/85687"}],"collection":[{"href":"https:\/\/www.cronacaonline.it\/index.php\/wp-json\/wp\/v2\/posts"}],"about":[{"href":"https:\/\/www.cronacaonline.it\/index.php\/wp-json\/wp\/v2\/types\/post"}],"author":[{"embeddable":true,"href":"https:\/\/www.cronacaonline.it\/index.php\/wp-json\/wp\/v2\/users\/2"}],"replies":[{"embeddable":true,"href":"https:\/\/www.cronacaonline.it\/index.php\/wp-json\/wp\/v2\/comments?post=85687"}],"version-history":[{"count":0,"href":"https:\/\/www.cronacaonline.it\/index.php\/wp-json\/wp\/v2\/posts\/85687\/revisions"}],"wp:attachment":[{"href":"https:\/\/www.cronacaonline.it\/index.php\/wp-json\/wp\/v2\/media?parent=85687"}],"wp:term":[{"taxonomy":"category","embeddable":true,"href":"https:\/\/www.cronacaonline.it\/index.php\/wp-json\/wp\/v2\/categories?post=85687"},{"taxonomy":"post_tag","embeddable":true,"href":"https:\/\/www.cronacaonline.it\/index.php\/wp-json\/wp\/v2\/tags?post=85687"}],"curies":[{"name":"wp","href":"https:\/\/api.w.org\/{rel}","templated":true}]}}