{"id":85678,"date":"2011-11-25T15:13:58","date_gmt":"2011-11-25T14:13:58","guid":{"rendered":"http:\/\/www.cronacaonline.it\/public\/content\/index.php\/25\/11\/2011\/presentazione-del-libro-cagliari-scritta-con-la-luce-prevista-per-martedi-dal-29-novembre-e-stata-rinviata-a-giovedi-1-dicembre"},"modified":"2011-11-25T15:13:58","modified_gmt":"2011-11-25T14:13:58","slug":"presentazione-del-libro-cagliari-scritta-con-la-luce-prevista-per-martedi-dal-29-novembre-e-stata-rinviata-a-giovedi-1-dicembre","status":"publish","type":"post","link":"https:\/\/www.cronacaonline.it\/index.php\/2011\/11\/25\/presentazione-del-libro-cagliari-scritta-con-la-luce-prevista-per-martedi-dal-29-novembre-e-stata-rinviata-a-giovedi-1-dicembre\/","title":{"rendered":"Presentazione del libro &#8220;Cagliari scritta con la luce&#8221; prevista per marted\u00ec dal 29 novembre \u00e8 stata rinviata a gioved\u00ec 1 dicembre"},"content":{"rendered":"<p><FONT face=Calibri>La presentazione del libro \"Cagliari scritta con la luce\" di Susanna Piga prevista per marted\u00ec dal 29 novembre \u00e8 stata rinviata a gioved\u00ec 1 dicembre 2011 sempre alle ore 18.00 alla Mediateca di via Mameli.<\/FONT><\/p>\n<p><FONT face=Calibri>La fotografia, la scrittura con la luce, diventa la penna per raccontare Cagliari. La storia della citt\u00e0 dal XV secolo ad oggi raccontata con l\u2019ausilio di una raccolta iconografica e la voce dei diversi \u201cviaggiatori\u201d che si sono succeduti nel tempo.<\/FONT><\/p>\n<p><FONT face=Calibri>Un confronto tra le immagini di ieri e di oggi, per vedere i cambiamenti dell\u2019ultimo secolo, uno studio che si estende cronologicamente sui due piani cardine: storico e urbanistico.<\/FONT><\/p>\n<p><FONT face=Calibri>Uno studio dello spazio urbano inteso come \u201cstratificazione di segni\u201d che l\u2019uomo ha posto nelle diverse epoche storiche e che hanno trasformato la citt\u00e0.<\/FONT><\/p>\n<p><SPAN style=\"COLOR: #222222\"><FONT face=Calibri>Il giorno dopo, venerd\u00ec 2 dicembre 2011 sempre alle ore 18.00: presentazione del<SPAN style=\"mso-spacerun: yes\">&nbsp; <\/SPAN>libro \"Ritratti e stagioni della citt\u00e0 di Cagliari\" con i ritratti di Alfonso Efisio Thermes (fotografo) a cura dell'Associazione Culturale Incontroluce.<\/FONT><\/SPAN><\/p>\n<p><SPAN style=\"COLOR: #222222\"><FONT face=Calibri>Verr\u00e0 presentato da Vito Biolchini giornalista, autore teatrale e direttore di radio Press e Salvatore Peluso Docente Universitario, Ingegnere e Saggista. Oltre 150 fotografie in bianco e nero, molte delle quali inedite, stampate da negativi originali in lastre di vetro e pellicola, che raccontano la citt\u00e0 e l\u2019isola nella prima met\u00e0 del secolo scorso. L\u2019esposizione si arricchisce grazie a 20 scatti a colori realizzati nel 2010 dal fotografo Francesco Bittichesu, che riproducono gli stessi luoghi, simbolo della citt\u00e0 di Cagliari, ritratti in passato da Thermes. Red<\/FONT><\/SPAN><\/p>\n<p><SPAN style=\"COLOR: #222222\"><FONT face=Calibri>&nbsp;<\/FONT><\/SPAN><\/p>\n","protected":false},"excerpt":{"rendered":"<p>La presentazione del libro &#8220;Cagliari scritta con la luce&#8221; di Susanna Piga prevista per marted\u00ec dal 29 novembre \u00e8 stata rinviata a gioved\u00ec 1 dicembre&#8230;<\/p>\n","protected":false},"author":2,"featured_media":0,"comment_status":"closed","ping_status":"closed","sticky":false,"template":"","format":"standard","meta":[],"categories":[49],"tags":[],"_links":{"self":[{"href":"https:\/\/www.cronacaonline.it\/index.php\/wp-json\/wp\/v2\/posts\/85678"}],"collection":[{"href":"https:\/\/www.cronacaonline.it\/index.php\/wp-json\/wp\/v2\/posts"}],"about":[{"href":"https:\/\/www.cronacaonline.it\/index.php\/wp-json\/wp\/v2\/types\/post"}],"author":[{"embeddable":true,"href":"https:\/\/www.cronacaonline.it\/index.php\/wp-json\/wp\/v2\/users\/2"}],"replies":[{"embeddable":true,"href":"https:\/\/www.cronacaonline.it\/index.php\/wp-json\/wp\/v2\/comments?post=85678"}],"version-history":[{"count":0,"href":"https:\/\/www.cronacaonline.it\/index.php\/wp-json\/wp\/v2\/posts\/85678\/revisions"}],"wp:attachment":[{"href":"https:\/\/www.cronacaonline.it\/index.php\/wp-json\/wp\/v2\/media?parent=85678"}],"wp:term":[{"taxonomy":"category","embeddable":true,"href":"https:\/\/www.cronacaonline.it\/index.php\/wp-json\/wp\/v2\/categories?post=85678"},{"taxonomy":"post_tag","embeddable":true,"href":"https:\/\/www.cronacaonline.it\/index.php\/wp-json\/wp\/v2\/tags?post=85678"}],"curies":[{"name":"wp","href":"https:\/\/api.w.org\/{rel}","templated":true}]}}