{"id":85653,"date":"2011-11-14T15:13:58","date_gmt":"2011-11-14T14:13:58","guid":{"rendered":"http:\/\/www.cronacaonline.it\/public\/content\/index.php\/14\/11\/2011\/cna-alimentare---gli-imprenditori-incontrano-il-mipaaf"},"modified":"2011-11-14T15:13:58","modified_gmt":"2011-11-14T14:13:58","slug":"cna-alimentare-gli-imprenditori-incontrano-il-mipaaf","status":"publish","type":"post","link":"https:\/\/www.cronacaonline.it\/index.php\/2011\/11\/14\/cna-alimentare-gli-imprenditori-incontrano-il-mipaaf\/","title":{"rendered":"Cna Alimentare &#8211; Gli imprenditori incontrano il Mipaaf."},"content":{"rendered":"<p><FONT face=\"Verdana, sans-serif\"><FONT style=\"FONT-SIZE: 11pt\" size=2>Domani, marted\u00ec 15 novembre, alle 16.00, nella sala convegni FinSardegna\/Cna, in viale Elmas 33\/35, a Cagliari, si terr\u00e0 l'incontro tra gli imprenditori del Cna Alimentare ed i funzionari del Mipaaf, il dipartimento dell\u2019ispettorato centrale della tutela della qualit\u00e0 e repressione frodi dei prodotti agroalimentari.<\/FONT><\/FONT><\/p>\n<p><BR><\/p>\n<p><FONT face=\"Verdana, sans-serif\"><FONT style=\"FONT-SIZE: 11pt\" size=2>Il fine \u00e8 quello di avviare un confronto tra chi opera nel mercato e chi \u00e8 tenuto alla vigilanza sulla preparazione, confezionamento, rintracciabilit\u00e0, etichettatura e commercio dei prodotti agroalimentari. L'incontro sar\u00e0 l\u2019occasione per analizzare le pi\u00f9 frequenti irregolarit\u00e0, ma soprattutto per colloquiare direttamente con i funzionari del Ministero in modo da chiarire le questioni operative che si presentano nell\u2019attivit\u00e0 quotidiana di ogni operatore. <\/FONT><\/FONT><\/p>\n<p><FONT face=\"Verdana, sans-serif\"><FONT style=\"FONT-SIZE: 11pt\" size=2><SPAN style=\"FONT-STYLE: normal\"><SPAN style=\"TEXT-DECORATION: none\"><SPAN style=\"FONT-WEIGHT: normal\">Gli imprenditori interessati a partecipare possono contattare teleficamente la segreteria organizzativa al numero 070273728 oppure via email all\u2019indirizzo <\/SPAN><\/SPAN><\/SPAN><\/FONT><\/FONT><A href=\"mailto:madessi@cnasardegna.it\"><FONT color=#0000ff><FONT face=\"Verdana, sans-serif\"><FONT style=\"FONT-SIZE: 11pt\" size=2><SPAN style=\"FONT-STYLE: normal\"><SPAN style=\"TEXT-DECORATION: none\"><SPAN style=\"FONT-WEIGHT: normal\">madessi@cnasardegna.it<\/SPAN><\/SPAN><\/SPAN><\/FONT><\/FONT><\/FONT><\/A>.<FONT color=#000000><FONT face=\"Verdana, sans-serif\"><FONT style=\"FONT-SIZE: 11pt\" size=2><SPAN style=\"FONT-STYLE: normal\"><SPAN style=\"TEXT-DECORATION: none\"><SPAN style=\"FONT-WEIGHT: normal\"> Com.<\/SPAN><\/SPAN><\/SPAN><\/FONT><\/FONT><\/FONT><\/p>\n","protected":false},"excerpt":{"rendered":"<p>Domani, marted\u00ec 15 novembre, alle 16.00, nella sala convegni FinSardegna\/Cna, in viale Elmas 33\/35, a Cagliari, si terr\u00e0 l&#8217;incontro tra gli imprenditori del Cna Alimentare&#8230;<\/p>\n","protected":false},"author":2,"featured_media":0,"comment_status":"closed","ping_status":"closed","sticky":false,"template":"","format":"standard","meta":[],"categories":[49],"tags":[],"_links":{"self":[{"href":"https:\/\/www.cronacaonline.it\/index.php\/wp-json\/wp\/v2\/posts\/85653"}],"collection":[{"href":"https:\/\/www.cronacaonline.it\/index.php\/wp-json\/wp\/v2\/posts"}],"about":[{"href":"https:\/\/www.cronacaonline.it\/index.php\/wp-json\/wp\/v2\/types\/post"}],"author":[{"embeddable":true,"href":"https:\/\/www.cronacaonline.it\/index.php\/wp-json\/wp\/v2\/users\/2"}],"replies":[{"embeddable":true,"href":"https:\/\/www.cronacaonline.it\/index.php\/wp-json\/wp\/v2\/comments?post=85653"}],"version-history":[{"count":0,"href":"https:\/\/www.cronacaonline.it\/index.php\/wp-json\/wp\/v2\/posts\/85653\/revisions"}],"wp:attachment":[{"href":"https:\/\/www.cronacaonline.it\/index.php\/wp-json\/wp\/v2\/media?parent=85653"}],"wp:term":[{"taxonomy":"category","embeddable":true,"href":"https:\/\/www.cronacaonline.it\/index.php\/wp-json\/wp\/v2\/categories?post=85653"},{"taxonomy":"post_tag","embeddable":true,"href":"https:\/\/www.cronacaonline.it\/index.php\/wp-json\/wp\/v2\/tags?post=85653"}],"curies":[{"name":"wp","href":"https:\/\/api.w.org\/{rel}","templated":true}]}}