{"id":85649,"date":"2011-11-20T15:13:58","date_gmt":"2011-11-20T14:13:58","guid":{"rendered":"http:\/\/www.cronacaonline.it\/public\/content\/index.php\/20\/11\/2011\/terremoto-allenav--arresti-domiciliari-per-lamministratore-delegato-puglisi-altre-due-persone-in-carcere"},"modified":"2011-11-20T15:13:58","modified_gmt":"2011-11-20T14:13:58","slug":"terremoto-allenav-arresti-domiciliari-per-lamministratore-delegato-puglisi-altre-due-persone-in-carcere","status":"publish","type":"post","link":"https:\/\/www.cronacaonline.it\/index.php\/2011\/11\/20\/terremoto-allenav-arresti-domiciliari-per-lamministratore-delegato-puglisi-altre-due-persone-in-carcere\/","title":{"rendered":"Terremoto all&#8217;Enav:  Arresti domiciliari per l&#8217;Amministratore delegato Puglisi. Altre due persone in carcere"},"content":{"rendered":"<p><FONT face=Calibri><SPAN class=MsoSubtleEmphasis><SPAN style=\"FONT-STYLE: normal; COLOR: windowtext; mso-bidi-font-style: italic\">Ad oltre un anno dall'inizio delle indagini della procura di Roma sulle presunte irregolarit\u00e0 riguardanti l'assegnazione a Selex di appalti dell'Enav cade uno dei principali esponenti dell'Ente nazionale di assistenza al volo: l'amministratore delegato Guido Pugliesi. Nei suoi confronti il gip Anna M<\/SPAN><\/SPAN><SPAN class=MsoSubtleEmphasis><SPAN style=\"FONT-STYLE: normal; mso-bidi-font-style: italic\"><FONT color=#808080>aria Fattori, su richiesta del P<\/FONT><\/SPAN><\/SPAN><SPAN class=MsoSubtleEmphasis><SPAN style=\"FONT-STYLE: normal; COLOR: windowtext; mso-bidi-font-style: italic\">m Paolo Ielo, ha disposto la misura degli arresti domiciliari in quanto accusato di illecito finanziamento ai partiti.<\/SPAN><\/SPAN><SPAN class=MsoSubtleEmphasis><SPAN style=\"FONT-STYLE: normal; mso-bidi-font-style: italic\"><\/SPAN><\/SPAN><\/FONT><\/p>\n<p><FONT face=Calibri><SPAN class=MsoSubtleEmphasis><SPAN style=\"FONT-STYLE: normal; COLOR: windowtext; mso-bidi-font-style: italic\">Altre misure cautelari, questa volta in carcere e per frode fiscale, sono state notificate a Manlio Fiore, direttore commerciale di Selex, ed al commercialista Marco Iannilli, quest'ultimo gi\u00e0 uomo di fiducia dell'ex \"consulente globale\" di Finmeccanica Lorenzo Cola e vecchia conoscenza degli inquirenti romani. E' stato infatti coinvolto nelle inchieste su un megariciclaggio da due miliardi di euro, che vede tuttora sotto processo anche gli ex vertici di Fastweb e di Telekom Sparkle, e sull' 'affaire' Digint, la societ\u00e0 partecipata al 49 percento da Finmeccanica entrata nel mirino dell'imprenditore Gennaro Mokbel nel 2007.<\/SPAN><\/SPAN><SPAN class=MsoSubtleEmphasis><SPAN style=\"FONT-STYLE: normal; mso-bidi-font-style: italic\"><\/SPAN><\/SPAN><\/FONT><\/p>\n<p><FONT face=Calibri><SPAN class=MsoSubtleEmphasis><SPAN style=\"FONT-STYLE: normal; COLOR: windowtext; mso-bidi-font-style: italic\">Negli accertamenti del pm Ielo compaiono come indagati per finanziamento illecito dei partiti anche il segretario amministrativo dell'Udc Giuseppe Naro e Lorenzo Borgogni,<\/SPAN><\/SPAN><SPAN class=MsoSubtleEmphasis><SPAN style=\"FONT-STYLE: normal; mso-bidi-font-style: italic\"><FONT color=#808080> <\/FONT><\/SPAN><\/SPAN><SPAN class=MsoSubtleEmphasis><SPAN style=\"FONT-STYLE: normal; COLOR: windowtext; mso-bidi-font-style: italic\">responsabile delle relazioni esterne di Finmeccanica. Per quest'ultimo Ielo aveva chiesto la custodia in carcere, ma il gip ha ritenuto che non sussistano gli estremi per la misura restrittiva. Non solo.&nbsp;Ieri sono stati perquisiti quattro dirigenti di Enav: sono tutti indagati, e per alcuni l'iscrizione&nbsp;\u00e8 per la corruzione legata ad una serie di<\/SPAN><\/SPAN><SPAN class=MsoSubtleEmphasis><SPAN style=\"FONT-STYLE: normal; mso-bidi-font-style: italic\"><FONT color=#808080> <\/FONT><\/SPAN><\/SPAN><SPAN class=MsoSubtleEmphasis><SPAN style=\"FONT-STYLE: normal; COLOR: windowtext; mso-bidi-font-style: italic\">tangenti per un milione di euro.<\/SPAN><\/SPAN><SPAN class=MsoSubtleEmphasis><SPAN style=\"FONT-STYLE: normal; mso-bidi-font-style: italic\"><\/SPAN><\/SPAN><\/FONT><\/p>\n<p><FONT face=Calibri><SPAN class=MsoSubtleEmphasis><SPAN style=\"FONT-STYLE: normal; COLOR: windowtext; mso-bidi-font-style: italic\">Iannilli e Fiore sono finiti a Regina Coeli nelle rispettive vesti di dominus della Arc Trade, una delle societ\u00e0 che subappaltava i lavori dalla Selex, e di esponente di rilievo dalla stessa Selex. Ad entrambi si contestano l'emissione di false fatture relative ad operazioni inesistenti. Il tutto finalizzato all'evasione delle imposte dirette.<\/SPAN><\/SPAN><SPAN class=MsoSubtleEmphasis><SPAN style=\"FONT-STYLE: normal; mso-bidi-font-style: italic\"><\/SPAN><\/SPAN><\/FONT><\/p>\n<p><FONT face=Calibri><SPAN class=MsoSubtleEmphasis><SPAN style=\"FONT-STYLE: normal; mso-bidi-font-style: italic\"><FONT color=#808080>L'inchiesta del P<\/FONT><\/SPAN><\/SPAN><SPAN class=MsoSubtleEmphasis><SPAN style=\"FONT-STYLE: normal; COLOR: windowtext; mso-bidi-font-style: italic\">m Ielo verte sulla regolarit\u00e0 una decina di appalti, tra l'altro per lavori sia tecnici sia di opere civili riguardanti gli aeroporti di Napoli e Palermo, assegnati senza gara pubblica da Enav a Selex Sistemi Integrati. Personaggi eccellenti sono finiti nel mirino degli accertamenti o in filoni di inchiesta collegati: tra loro il presidente di Finmeccanica, Pierfrancesco Guarguaglini, indagato per false fatturazioni, e la moglie Marina Grossi, amministratore delegato di Selex (corruzione e false fatturazioni).&nbsp;<\/SPAN><\/SPAN><SPAN class=MsoSubtleEmphasis><SPAN style=\"FONT-STYLE: normal; mso-bidi-font-style: italic\"><\/SPAN><\/SPAN><\/FONT><\/p>\n<p><FONT face=Calibri><SPAN class=MsoSubtleEmphasis><SPAN style=\"FONT-STYLE: normal; COLOR: windowtext; mso-bidi-font-style: italic\">Ma l'inchiesta della magistratura romana ha colpito anche Marco Milanese, esponente Pdl gi\u00e0 consulente politico dell'ex ministro dell'Economia Giulio Tremonti. L'episodio in cui \u00e8 chiamato in causa&nbsp;\u00e8 gi\u00e0 stato definito con la citazione diretta a giudizio del parlamentare per finanziamento illecito: si tratta del caso della vendita alla societ\u00e0 Eurotec dell'imbarcazione del deputato, la 'Mochi Craft', ad un prezzo (1,9 milioni di euro) maggiorato rispetto al suo valore di mercato (1,4 milioni). Tale 'surplus', per l'accusa, avrebbe costituito la contropartita richiesta da Milanese in cambio della nomina, decisa dal Cda di Enav su suo input, dell'ex consigliere di amministrazione dell'ente, Fabrizio Testa, a presidente di Technosky, societa' controllata da Enav.<\/SPAN><\/SPAN><SPAN class=MsoSubtleEmphasis><SPAN style=\"FONT-STYLE: normal; mso-bidi-font-style: italic\"><\/SPAN><\/SPAN><\/FONT><\/p>\n<p><FONT face=Calibri><SPAN class=MsoSubtleEmphasis><SPAN style=\"FONT-STYLE: normal; COLOR: windowtext; mso-bidi-font-style: italic\">Il processo, nel quale comparir\u00e0 anche Di Lernia, dominus di Eurotec, comincer\u00e0 il 21 febbraio prossimo. E' la stessa vicenda che ha determinato il coinvolgimento di Borgogni nell'inchiesta. Secondo l'accusa, il responsabile delle Relazioni esterne di Finmeccanica, agendo \"di concerto\" con Cola, avrebbe avuto un ruolo nella cessione della barca da Milanese alla Eurotec. A chiamarlo in causa&nbsp;\u00e8 stato lo stesso Cola, ma secondo il gip gli indizi a carico di Borgogni non sono cos<\/SPAN><\/SPAN><SPAN class=MsoSubtleEmphasis><SPAN style=\"FONT-STYLE: normal; mso-bidi-font-style: italic\"><FONT color=#808080>\u00ec<\/FONT><\/SPAN><\/SPAN><SPAN class=MsoSubtleEmphasis><SPAN style=\"FONT-STYLE: normal; COLOR: windowtext; mso-bidi-font-style: italic\"> gravi da giustificarne l'arresto.&nbsp;<\/SPAN><\/SPAN><SPAN class=MsoSubtleEmphasis><SPAN style=\"FONT-STYLE: normal; mso-bidi-font-style: italic\"><\/SPAN><\/SPAN><\/FONT><\/p>\n<p><FONT face=Calibri><SPAN class=MsoSubtleEmphasis><SPAN style=\"FONT-STYLE: normal; COLOR: windowtext; mso-bidi-font-style: italic\">Quella su Enav&nbsp;\u00e8 anche la vicenda giudiziaria segnata dalla decisione del procuratore aggiunto Giancarlo Capaldo di lasciare l'inchiesta dopo il caso scoppiato sulla sua partecipazione al pranzo del dicembre scorso con il ministro Tremonti e con il suo<\/SPAN><\/SPAN><SPAN class=MsoSubtleEmphasis><SPAN style=\"FONT-STYLE: normal; mso-bidi-font-style: italic\"><FONT color=#808080> <\/FONT><\/SPAN><\/SPAN><SPAN class=MsoSubtleEmphasis><SPAN style=\"FONT-STYLE: normal; COLOR: windowtext; mso-bidi-font-style: italic\">consigliere Milanese, allora indagato dalla procura di Napoli.<\/SPAN><\/SPAN><\/FONT><\/p>\n","protected":false},"excerpt":{"rendered":"<p>Ad oltre un anno dall&#8217;inizio delle indagini della procura di Roma sulle presunte irregolarit\u00e0 riguardanti l&#8217;assegnazione a Selex di appalti dell&#8217;Enav cade uno dei principali&#8230;<\/p>\n","protected":false},"author":2,"featured_media":0,"comment_status":"closed","ping_status":"closed","sticky":false,"template":"","format":"standard","meta":[],"categories":[49],"tags":[],"_links":{"self":[{"href":"https:\/\/www.cronacaonline.it\/index.php\/wp-json\/wp\/v2\/posts\/85649"}],"collection":[{"href":"https:\/\/www.cronacaonline.it\/index.php\/wp-json\/wp\/v2\/posts"}],"about":[{"href":"https:\/\/www.cronacaonline.it\/index.php\/wp-json\/wp\/v2\/types\/post"}],"author":[{"embeddable":true,"href":"https:\/\/www.cronacaonline.it\/index.php\/wp-json\/wp\/v2\/users\/2"}],"replies":[{"embeddable":true,"href":"https:\/\/www.cronacaonline.it\/index.php\/wp-json\/wp\/v2\/comments?post=85649"}],"version-history":[{"count":0,"href":"https:\/\/www.cronacaonline.it\/index.php\/wp-json\/wp\/v2\/posts\/85649\/revisions"}],"wp:attachment":[{"href":"https:\/\/www.cronacaonline.it\/index.php\/wp-json\/wp\/v2\/media?parent=85649"}],"wp:term":[{"taxonomy":"category","embeddable":true,"href":"https:\/\/www.cronacaonline.it\/index.php\/wp-json\/wp\/v2\/categories?post=85649"},{"taxonomy":"post_tag","embeddable":true,"href":"https:\/\/www.cronacaonline.it\/index.php\/wp-json\/wp\/v2\/tags?post=85649"}],"curies":[{"name":"wp","href":"https:\/\/api.w.org\/{rel}","templated":true}]}}