{"id":85624,"date":"2011-11-20T15:13:58","date_gmt":"2011-11-20T14:13:58","guid":{"rendered":"http:\/\/www.cronacaonline.it\/public\/content\/index.php\/20\/11\/2011\/interpellanza-dei-consiglieri-provinciali-di-maggioranza-su-situazione-protezione-civile-nella-provincia-sassarese"},"modified":"2011-11-20T15:13:58","modified_gmt":"2011-11-20T14:13:58","slug":"interpellanza-dei-consiglieri-provinciali-di-maggioranza-su-situazione-protezione-civile-nella-provincia-sassarese","status":"publish","type":"post","link":"https:\/\/www.cronacaonline.it\/index.php\/2011\/11\/20\/interpellanza-dei-consiglieri-provinciali-di-maggioranza-su-situazione-protezione-civile-nella-provincia-sassarese\/","title":{"rendered":"Interpellanza dei consiglieri provinciali di maggioranza su situazione Protezione civile nella provincia sassarese."},"content":{"rendered":"<p><SPAN style=\"FONT-FAMILY: 'Arial','sans-serif'; COLOR: black; FONT-SIZE: 12pt; mso-fareast-font-family: 'Times New Roman'; mso-fareast-language: IT\">La situazione delle Associazioni per la Protezione Civile operanti nella Provincia di Sassari \u00e8 stata oggetto di una specifica interpellanza proposta dalla Consigliera Alba Canu e sottoscritta dai consiglieri Mario Pala, Giovanni Serra, Gian Nicola Cabizza, Antonio Tanca, Paolo Bussu, Angelo Pirisi, Gianfranco Strinna, Gianni Senes, Gaetano Ledda, Angelo Sini, Franco Sanna, Giuseppe Marras,&nbsp; che&nbsp;ha aperto i lavori del Consiglio Provinciale alla presenza dell\u2019assessore all\u2019ambiente Paolo Denegri.<\/SPAN><\/p>\n<p><SPAN style=\"FONT-FAMILY: 'Arial','sans-serif'; COLOR: black; FONT-SIZE: 10.5pt; mso-fareast-font-family: 'Times New Roman'; mso-fareast-language: IT\">&nbsp;<\/SPAN><\/p>\n<p><SPAN style=\"FONT-FAMILY: 'Arial','sans-serif'; COLOR: black; FONT-SIZE: 12pt; mso-fareast-font-family: 'Times New Roman'; mso-fareast-language: IT\">La Consigliera&nbsp; Alba Canu, nel presentare l\u2019argomento,&nbsp;ha sottolineato che \u201c<I>le competenze in materia di Protezione Civile sono un importante impegno e opportunit\u00e0 per l\u2019ente Provincia, e le attivit\u00e0 delle Associazioni&nbsp; fondamentali per la salvaguardia delle Comunit\u00e0 e del territorio;<\/I>&nbsp;<I>ed \u00e8&nbsp;&nbsp;per questo che il Consiglio ha sempre posto grande attenzione al decentramento dei compiti dalla Regione alle Province attraverso la L.R.9 del 2006 e all\u2019indispensabile sostegno ai volontari e alle loro organizzazioni<\/I>\u201d.<\/SPAN><SPAN style=\"FONT-FAMILY: 'Arial','sans-serif'; COLOR: black; FONT-SIZE: 10.5pt; mso-fareast-font-family: 'Times New Roman'; mso-fareast-language: IT\"><\/SPAN><\/p>\n<p><SPAN style=\"FONT-FAMILY: 'Arial','sans-serif'; COLOR: black; FONT-SIZE: 10.5pt; mso-fareast-font-family: 'Times New Roman'; mso-fareast-language: IT\">&nbsp;<\/SPAN><\/p>\n<p><SPAN style=\"FONT-FAMILY: 'Arial','sans-serif'; COLOR: black; FONT-SIZE: 12pt; mso-fareast-font-family: 'Times New Roman'; mso-fareast-language: IT\">Nell\u2019interpellanza si \u00e8 chiesto&nbsp;alla Giunta e all\u2019Assessore competente di riferire circa i&nbsp;tempi e le modalit\u00e0 per la definizione&nbsp; e completamento dell\u2019organizzazione complessiva del settore Ambiente e dell\u2019attuazione dei diversi progetti gi\u00e0 presentati al fine di rispondere adeguatamente ai bisogni del Servizio per la Protezione Civile della Provincia di Sassari. Si \u00e8 pertanto chiesto&nbsp;di avere chiarimenti sull\u2019attuale organizzazione in termini di operativit\u00e0, personale dedicato e quanto altro necessario per la conoscenza delle attivit\u00e0 e delle risorse&nbsp; poste in essere dall\u2019Ente, e sulla situazione dei fondi erogati da Regione e Stato destinati alla Protezione Civile.<\/SPAN><SPAN style=\"FONT-FAMILY: 'Arial','sans-serif'; COLOR: black; FONT-SIZE: 10.5pt; mso-fareast-font-family: 'Times New Roman'; mso-fareast-language: IT\"><\/SPAN><\/p>\n<p><SPAN style=\"FONT-FAMILY: 'Arial','sans-serif'; COLOR: black; FONT-SIZE: 10.5pt; mso-fareast-font-family: 'Times New Roman'; mso-fareast-language: IT\">&nbsp;<\/SPAN><\/p>\n<p><SPAN style=\"FONT-FAMILY: 'Arial','sans-serif'; COLOR: black; FONT-SIZE: 12pt; mso-fareast-font-family: 'Times New Roman'; mso-fareast-language: IT\">L\u2019Assessore Paolo Denegri ha illustrato la complessa situazione della Protezione Civile e gli obiettivi finora&nbsp; raggiunti, assicurando il continuo e massimo impegno per la risoluzione dei problemi ancora presenti. Ha infatti annunciato l\u2019imminente insediamento del Comitato Provinciale per la Protezione Civile e il completamento del Piano provinciale della Protezione Civile, gi\u00e0 affidato alla Demos. Inoltre, ha assicurato la prossima pubblicazione dei&nbsp; bandi per l\u2019acquisto delle attrezzature: bandi che hanno subito un rallentamento dell\u2019iter amministrativo a causa di alcune revisioni circa caratteristiche dei materiali richiesti, e la definizione di un Servizio&nbsp; con personale dedicato alla conduzione della rete della Protezione Civile; mentre per gli automezzi, ha riferito che la gestione \u00e8 ancora in mano alla Regione.<\/SPAN><SPAN style=\"FONT-FAMILY: 'Arial','sans-serif'; COLOR: black; FONT-SIZE: 10.5pt; mso-fareast-font-family: 'Times New Roman'; mso-fareast-language: IT\"><\/SPAN><\/p>\n<p><SPAN style=\"FONT-FAMILY: 'Arial','sans-serif'; COLOR: black; FONT-SIZE: 12pt; mso-fareast-font-family: 'Times New Roman'; mso-fareast-language: IT\">Infine, come richiesto nell\u2019interpellanza, ha&nbsp; consegnato una nota in cui emerge il rapporto tra i fondi ricevuti e quelli spesi per le annualit\u00e0 dal 2005 ad&nbsp;<A href=\"javascript:mails_addtocal(1,%22oggi%22);\"><SPAN style=\"COLOR: #ff8000; TEXT-DECORATION: none; text-underline: none\">oggi<\/SPAN><\/A>, da cui risultano&nbsp; 200.000,00 di provenienza regionale per acquisto di beni mobili, attrezzature e macchinari,&nbsp;&nbsp; 304.213,17 euro e 240.315,60 di provenienza statale rispettivamente per acquisti e per il Piano Provinciale della Protezione Civile, in parte completato.<\/SPAN><SPAN style=\"FONT-FAMILY: 'Arial','sans-serif'; COLOR: black; FONT-SIZE: 10.5pt; mso-fareast-font-family: 'Times New Roman'; mso-fareast-language: IT\"><\/SPAN><\/p>\n<p><SPAN style=\"FONT-FAMILY: 'Arial','sans-serif'; COLOR: black; FONT-SIZE: 10.5pt; mso-fareast-font-family: 'Times New Roman'; mso-fareast-language: IT\">&nbsp;<\/SPAN><\/p>\n<p><SPAN style=\"FONT-FAMILY: 'Arial','sans-serif'; COLOR: black; FONT-SIZE: 12pt; mso-fareast-font-family: 'Times New Roman'; mso-fareast-language: IT\">L\u2019assessore ha posto all\u2019attenzione del Consiglio la difficolt\u00e0 di operare in presenza di alcuni aspetti delle attivit\u00e0 che continuano ad essere gestiti direttamente dalla Regione, con evidenti difficolt\u00e0 di coordinamento, a cui si aggiunge la mancata erogazione alla Provincia, da parte della Regione per gli anni dal 2008 ad&nbsp;<A href=\"javascript:mails_addtocal(1,%22oggi%22);\"><SPAN style=\"COLOR: #ff8000; TEXT-DECORATION: none; text-underline: none\">oggi<\/SPAN><\/A>, delle somme destinate ai rimborsi per le Associazioni che, pur in presenza di grande contrazione delle risorse,&nbsp; vengono reperiti nel Bilancio ordinario della Provincia.<\/SPAN><SPAN style=\"FONT-FAMILY: 'Arial','sans-serif'; COLOR: black; FONT-SIZE: 10.5pt; mso-fareast-font-family: 'Times New Roman'; mso-fareast-language: IT\"><\/SPAN><\/p>\n<p><SPAN style=\"FONT-FAMILY: 'Arial','sans-serif'; COLOR: black; FONT-SIZE: 10.5pt; mso-fareast-font-family: 'Times New Roman'; mso-fareast-language: IT\">&nbsp;<\/SPAN><\/p>\n<p><SPAN style=\"FONT-FAMILY: 'Arial','sans-serif'; COLOR: black; FONT-SIZE: 12pt; mso-fareast-font-family: 'Times New Roman'; mso-fareast-language: IT\">La Consigliera Alba Canu,&nbsp; riconoscendo all\u2019assessore uno sforzo importante in termini di avvio della riorganizzazione del Settore e di erogazione di rimborsi per le assicurazione e le spese vive per l\u2019attivit\u00e0 dei volontari, ha sollecitato la definizione di una pi\u00f9 rispondente organizzazione dell\u2019Ente e la spendita dei fondi,&nbsp;&nbsp;previsti e programmati,&nbsp;&nbsp;per&nbsp;l\u2019oramai inderogabile acquisto dei presidi di sicurezza, del vestiario, delle attrezzature e di quanto altro necessario per le proficue attivit\u00e0 della Associazioni. Ha infine annunciato, in accordo con i Presidenti, la convocazione delle Commissioni Consiliari competenti con la presenza dell\u2019assessore e delle Associazioni per proseguire con il fattivo confronto e collaborazione<\/SPAN><SPAN style=\"FONT-FAMILY: 'Arial','sans-serif'; COLOR: black; FONT-SIZE: 10.5pt; mso-fareast-font-family: 'Times New Roman'; mso-fareast-language: IT\">&nbsp;<\/SPAN><SPAN style=\"FONT-FAMILY: 'Arial','sans-serif'; COLOR: black; FONT-SIZE: 12pt; mso-fareast-font-family: 'Times New Roman'; mso-fareast-language: IT\">che&nbsp; ha contraddistinto l\u2019attivit\u00e0 del Consiglio. Red<\/SPAN><\/p>\n","protected":false},"excerpt":{"rendered":"<p>La situazione delle Associazioni per la Protezione Civile operanti nella Provincia di Sassari \u00e8 stata oggetto di una specifica interpellanza proposta dalla Consigliera Alba Canu&#8230;<\/p>\n","protected":false},"author":2,"featured_media":0,"comment_status":"closed","ping_status":"closed","sticky":false,"template":"","format":"standard","meta":[],"categories":[49],"tags":[],"_links":{"self":[{"href":"https:\/\/www.cronacaonline.it\/index.php\/wp-json\/wp\/v2\/posts\/85624"}],"collection":[{"href":"https:\/\/www.cronacaonline.it\/index.php\/wp-json\/wp\/v2\/posts"}],"about":[{"href":"https:\/\/www.cronacaonline.it\/index.php\/wp-json\/wp\/v2\/types\/post"}],"author":[{"embeddable":true,"href":"https:\/\/www.cronacaonline.it\/index.php\/wp-json\/wp\/v2\/users\/2"}],"replies":[{"embeddable":true,"href":"https:\/\/www.cronacaonline.it\/index.php\/wp-json\/wp\/v2\/comments?post=85624"}],"version-history":[{"count":0,"href":"https:\/\/www.cronacaonline.it\/index.php\/wp-json\/wp\/v2\/posts\/85624\/revisions"}],"wp:attachment":[{"href":"https:\/\/www.cronacaonline.it\/index.php\/wp-json\/wp\/v2\/media?parent=85624"}],"wp:term":[{"taxonomy":"category","embeddable":true,"href":"https:\/\/www.cronacaonline.it\/index.php\/wp-json\/wp\/v2\/categories?post=85624"},{"taxonomy":"post_tag","embeddable":true,"href":"https:\/\/www.cronacaonline.it\/index.php\/wp-json\/wp\/v2\/tags?post=85624"}],"curies":[{"name":"wp","href":"https:\/\/api.w.org\/{rel}","templated":true}]}}