{"id":85365,"date":"2011-11-16T15:13:58","date_gmt":"2011-11-16T14:13:58","guid":{"rendered":"http:\/\/www.cronacaonline.it\/public\/content\/index.php\/16\/11\/2011\/adolescenti-e-suicidio-se-ne-parla-domani-a-olbia"},"modified":"2011-11-16T15:13:58","modified_gmt":"2011-11-16T14:13:58","slug":"adolescenti-e-suicidio-se-ne-parla-domani-a-olbia","status":"publish","type":"post","link":"https:\/\/www.cronacaonline.it\/index.php\/2011\/11\/16\/adolescenti-e-suicidio-se-ne-parla-domani-a-olbia\/","title":{"rendered":"Adolescenti e suicidio: se ne parla domani a Olbia"},"content":{"rendered":"<p><SPAN style=\"FONT-FAMILY: 'Verdana','sans-serif'; mso-fareast-font-family: Calibri; mso-fareast-theme-font: minor-latin; mso-fareast-language: EN-US\">Il suicidio pu\u00f2 verificarsi a qualsiasi et\u00e0 ed \u00e8 un tema di grande preoccupazione per la sanit\u00e0 pubblica. Prima della pubert\u00e0, la prevalenza del comportamento suicidario, \u00e8 rara, aumenta invece dopo i 14 anni: le stime mondiali (OMS, 2002) parlano di 16 casi su 100.000 abitanti. Questo il tema che verr\u00e0 trattato <\/SPAN><SPAN style=\"FONT-FAMILY: 'Verdana','sans-serif'; mso-fareast-font-family: Calibri; mso-fareast-theme-font: minor-latin; mso-fareast-language: EN-US\">domani nella sala convegni dell\u2019Exp\u00f2 di Olbia nel corso del convegno \u201cRischio suicidario in adolescenza\u201d, organizzato dalla Asl di Olbia e rivolto a genitori ma anche agli insegnanti, educatori e coloro che lavorano in ambienti sportivi e di aggregazione, tutti coloro insomma che gravitano intorno al mondo dei giovani e dovrebbero saper individuare i soggetti a rischio e prestare loro aiuto.<\/SPAN><\/p>\n<p><I><SPAN style=\"FONT-FAMILY: 'Verdana','sans-serif'; mso-fareast-font-family: Calibri; mso-fareast-theme-font: minor-latin; mso-bidi-font-family: Times-Italic; mso-fareast-language: EN-US\">\u201cIl suicidio \u00e8 un evento umano catastrofico, sia per le famiglie che per gli amici, un porre fine alla propria vita con le proprie mani. Per questo noi operatori sanitari, visti anche i numeri del fenomeno, dobbiamo esser preparati per poter prevenire, riconoscere precocemente e nel caso trattare comportamenti anticonservativi\u201d, <\/SPAN><\/I><SPAN style=\"FONT-FAMILY: 'Verdana','sans-serif'; mso-fareast-font-family: Calibri; mso-fareast-theme-font: minor-latin; mso-bidi-font-family: Times-Roman; mso-fareast-language: EN-US\">spiegano <\/SPAN><SPAN style=\"FONT-FAMILY: 'Verdana','sans-serif'; mso-fareast-font-family: Calibri; mso-fareast-theme-font: minor-latin; mso-fareast-language: EN-US\">Giovanna Maria Solinas<\/SPAN><SPAN style=\"FONT-FAMILY: 'Verdana','sans-serif'; mso-fareast-font-family: Calibri; mso-fareast-theme-font: minor-latin; mso-bidi-font-family: Times-Roman; mso-fareast-language: EN-US\">, <\/SPAN><SPAN style=\"FONT-FAMILY: 'Verdana','sans-serif'; mso-fareast-font-family: Calibri; mso-fareast-theme-font: minor-latin; mso-bidi-font-family: Times-Roman; mso-fareast-language: EN-US\">responsabile del Servizio di Neuropsichiatria dell\u2019Infanzia e dell\u2019adolescenza della Asl di Olbia, e la neuropsichiatra infantile <\/SPAN><SPAN style=\"FONT-FAMILY: 'Verdana','sans-serif'; mso-fareast-font-family: Calibri; mso-fareast-theme-font: minor-latin; mso-fareast-language: EN-US\">Maria Luigia Ligios, o<\/SPAN><SPAN style=\"FONT-FAMILY: 'Verdana','sans-serif'; mso-fareast-font-family: Calibri; mso-fareast-theme-font: minor-latin; mso-bidi-font-family: Times-Roman; mso-fareast-language: EN-US\">rganizzatrici della giornata di studi in programma domani <\/SPAN><SPAN style=\"FONT-FAMILY: 'Verdana','sans-serif'; mso-fareast-font-family: Calibri; mso-fareast-theme-font: minor-latin; mso-fareast-language: EN-US\">gioved\u00ec 17 novembre 2011<\/SPAN><SPAN style=\"FONT-FAMILY: 'Verdana','sans-serif'; mso-fareast-font-family: Calibri; mso-fareast-theme-font: minor-latin; mso-bidi-font-family: Times-Roman; mso-fareast-language: EN-US\">, nella sala convegni dell\u2019Exp\u00f2, in via delle Terme a Olbia.<\/SPAN><\/p>\n<p><SPAN style=\"FONT-FAMILY: 'Verdana','sans-serif'; mso-fareast-font-family: Calibri; mso-fareast-theme-font: minor-latin; mso-bidi-font-family: Times-Roman; mso-fareast-language: EN-US\">Il suicidio non \u00e8 mai un evento improvviso, \u00e8 semmai l\u2019epilogo di uno stato \u201cpertrurbato\u201d: a tal proposito \u00e8 fondamentale il ruolo di coloro che si prendono cura degli adolescenti, che li aiutano a crescere, come i genitori e gli educatori, e anche degli operatori sanitari.<\/SPAN><\/p>\n<p><SPAN style=\"FONT-FAMILY: 'Verdana','sans-serif'; mso-fareast-font-family: Calibri; mso-fareast-theme-font: minor-latin; mso-bidi-font-family: Times-Roman; mso-fareast-language: EN-US\">Tra i \u201csegnali\u201d da tenere sotto controllo ci sono gli atteggiamenti conflittuali, i rapporti difficili coi familiari e i coetanei, le problematiche scolastiche o della vita di relazione.<\/SPAN><\/p>\n<p><SPAN style=\"FONT-FAMILY: 'Verdana','sans-serif'; mso-fareast-font-family: Calibri; mso-fareast-theme-font: minor-latin; mso-bidi-font-family: Times-Roman; mso-fareast-language: EN-US\">In certi casi vi sono disturbi psichiatrici di rilievo che necessitano di essere diagnosticati e trattati.<\/SPAN><\/p>\n<p><SPAN style=\"FONT-FAMILY: 'Verdana','sans-serif'; mso-fareast-font-family: Calibri; mso-fareast-theme-font: minor-latin; mso-bidi-font-family: Times-Roman; mso-fareast-language: EN-US\">All\u2019incontro di domani parteciperanno <\/SPAN><SPAN style=\"FONT-FAMILY: 'Verdana','sans-serif'; mso-fareast-font-family: Calibri; mso-fareast-theme-font: minor-latin; mso-fareast-language: EN-US\">Luisella Fenu<\/SPAN><SPAN style=\"FONT-FAMILY: 'Verdana','sans-serif'; mso-fareast-font-family: Calibri; mso-fareast-theme-font: minor-latin; mso-bidi-font-family: Times-Roman; mso-fareast-language: EN-US\">, pubblico ministero del Tribunale dei minori di Sassari, <\/SPAN><SPAN style=\"FONT-FAMILY: 'Verdana','sans-serif'; mso-fareast-font-family: Calibri; mso-fareast-theme-font: minor-latin; mso-fareast-language: EN-US\">Gianfranco Oppo, <\/SPAN><SPAN style=\"FONT-FAMILY: 'Verdana','sans-serif'; mso-fareast-font-family: Calibri; mso-fareast-theme-font: minor-latin; mso-bidi-font-family: Times-Roman; mso-fareast-language: EN-US\">esperto in disagio giovanile, e <\/SPAN><SPAN style=\"FONT-FAMILY: 'Verdana','sans-serif'; mso-fareast-font-family: Calibri; mso-fareast-theme-font: minor-latin; mso-fareast-language: EN-US\">Leonardo Tondo<\/SPAN><SPAN style=\"FONT-FAMILY: 'Verdana','sans-serif'; mso-fareast-font-family: Calibri; mso-fareast-theme-font: minor-latin; mso-bidi-font-family: Times-Roman; mso-fareast-language: EN-US\">, psichiatra psicoterapeuta direttore del Centro Lucio Bini di Cagliari.<\/SPAN><\/p>\n<p><SPAN style=\"FONT-FAMILY: 'Verdana','sans-serif'; mso-fareast-font-family: Calibri; mso-fareast-theme-font: minor-latin; mso-bidi-font-family: Times-Roman; mso-fareast-language: EN-US\">Nel corso dell\u2019incontro, il cui avvio dei lavori \u00e8 in programma per le 09.00, si discuter\u00e0 degli aspetti epidemiologici e clinici del gesto suicidario, del disagio del minore e delle modalit\u00e0 di intervento, m anche del \u201cpara-suicidio\u201d, quei gesti di autolesionismo a bassa letalit\u00e0, con un chiaro segno dimostrativo, preludio solitamente a gesti suicidari. Com<\/SPAN><\/p>\n<p><SPAN style=\"FONT-FAMILY: 'Verdana','sans-serif'; mso-fareast-font-family: Calibri; mso-fareast-theme-font: minor-latin; mso-bidi-font-family: Times-Roman; mso-fareast-language: EN-US\"><\/SPAN>&nbsp;<\/p>\n<p><SPAN style=\"FONT-FAMILY: 'Verdana','sans-serif'; mso-fareast-font-family: Calibri; mso-fareast-theme-font: minor-latin; mso-bidi-font-family: Times-Roman; mso-fareast-language: EN-US\"><\/SPAN>&nbsp;<\/p>\n","protected":false},"excerpt":{"rendered":"<p>Il suicidio pu\u00f2 verificarsi a qualsiasi et\u00e0 ed \u00e8 un tema di grande preoccupazione per la sanit\u00e0 pubblica. Prima della pubert\u00e0, la prevalenza del comportamento&#8230;<\/p>\n","protected":false},"author":2,"featured_media":0,"comment_status":"closed","ping_status":"closed","sticky":false,"template":"","format":"standard","meta":[],"categories":[49],"tags":[],"_links":{"self":[{"href":"https:\/\/www.cronacaonline.it\/index.php\/wp-json\/wp\/v2\/posts\/85365"}],"collection":[{"href":"https:\/\/www.cronacaonline.it\/index.php\/wp-json\/wp\/v2\/posts"}],"about":[{"href":"https:\/\/www.cronacaonline.it\/index.php\/wp-json\/wp\/v2\/types\/post"}],"author":[{"embeddable":true,"href":"https:\/\/www.cronacaonline.it\/index.php\/wp-json\/wp\/v2\/users\/2"}],"replies":[{"embeddable":true,"href":"https:\/\/www.cronacaonline.it\/index.php\/wp-json\/wp\/v2\/comments?post=85365"}],"version-history":[{"count":0,"href":"https:\/\/www.cronacaonline.it\/index.php\/wp-json\/wp\/v2\/posts\/85365\/revisions"}],"wp:attachment":[{"href":"https:\/\/www.cronacaonline.it\/index.php\/wp-json\/wp\/v2\/media?parent=85365"}],"wp:term":[{"taxonomy":"category","embeddable":true,"href":"https:\/\/www.cronacaonline.it\/index.php\/wp-json\/wp\/v2\/categories?post=85365"},{"taxonomy":"post_tag","embeddable":true,"href":"https:\/\/www.cronacaonline.it\/index.php\/wp-json\/wp\/v2\/tags?post=85365"}],"curies":[{"name":"wp","href":"https:\/\/api.w.org\/{rel}","templated":true}]}}