{"id":85289,"date":"2011-11-18T15:13:58","date_gmt":"2011-11-18T14:13:58","guid":{"rendered":"http:\/\/www.cronacaonline.it\/public\/content\/index.php\/18\/11\/2011\/il-comune-punta-nel-futuro-prossimo-alla-raccolta-porta-a-porta-dei-rifiuti-urbani-e-la-creazione-di-ecocentri-comunali-di-raccolta-differenziata"},"modified":"2011-11-18T15:13:58","modified_gmt":"2011-11-18T14:13:58","slug":"il-comune-punta-nel-futuro-prossimo-alla-raccolta-porta-a-porta-dei-rifiuti-urbani-e-la-creazione-di-ecocentri-comunali-di-raccolta-differenziata","status":"publish","type":"post","link":"https:\/\/www.cronacaonline.it\/index.php\/2011\/11\/18\/il-comune-punta-nel-futuro-prossimo-alla-raccolta-porta-a-porta-dei-rifiuti-urbani-e-la-creazione-di-ecocentri-comunali-di-raccolta-differenziata\/","title":{"rendered":"Il comune punta nel futuro prossimo alla raccolta porta a porta dei rifiuti urbani e la creazione di ecocentri comunali di raccolta differenziata."},"content":{"rendered":"<p><SPAN style=\"FONT-FAMILY: 'Verdana','sans-serif'\">Puntare sulla raccolta porta a porta e sulla realizzazione di una rete di ecocentri comunali finalizzati a far crescere i numeri della raccolta differenziata<SPAN style=\"mso-spacerun: yes\">&nbsp; <\/SPAN>promuovendo la cultura del riciclo dei rifiuti. Queste le linee guida del prossimo bando di gara per la raccolta differenziata, messe a punto dalla Commissione Servizi Tecnologici che prosegue a ritmi sostenuti la sua attivit\u00e0.<\/SPAN><\/p>\n<p><SPAN style=\"FONT-FAMILY: 'Verdana','sans-serif'\">Con alcune mozioni da portare in Consiglio Comunale, ma soprattutto con i sopralluoghi in citt\u00e0 e i contatti con gli operatori del settore, la Commissione ha voluto accelerare il passo considerato che con il passare del tempo senza una adeguata politica legata alla raccolta differenziata dei rifiuti, crescono i costi per il loro smaltimento e in generale per la gestione dei problemi a questi collegati.<\/SPAN><\/p>\n<p><SPAN style=\"FONT-FAMILY: 'Verdana','sans-serif'\">Il primo intervento \u00e8 stato direttamente con la societ\u00e0 Devizia che gestisce il servizio di raccolta dei rifiuti per tentare di procedere ad un incremento del personale in servizio di circa l'11%.<\/SPAN><\/p>\n<p><SPAN style=\"FONT-FAMILY: 'Verdana','sans-serif'\">L'attenzione, poi, \u00e8 stata posta sulle zone di criticit\u00e0, come Pirri che, con l'arrivo delle prime piogge, necessit\u00e0 di una attenzione particolare. Ma l'ambito di attenzione si \u00e8 allargato a tutta la citt\u00e0 nel territorio della quale si sta procedendo alla sostituzione di circa mille vecchi cassonetti con quelli per la raccolta differenziata.<\/SPAN><\/p>\n<p><SPAN style=\"FONT-FAMILY: 'Verdana','sans-serif'\">Al momento il risultato raggiunto dalla raccolta differenziata, circa il 34%, non \u00e8 sufficiente a soddisfare i parametri imposti dalla Regione Sardegna ed ecco perch\u00e9 occorrono ulteriori misure che sono al vaglio dell'Amministrazione. Una di queste \u00e8 appena stata lanciata: l'Isola Ecologica Mobile che far\u00e0 tappa in tutte le circoscrizioni, sostando in ognuna di esse per una settimana. A dare il buon esempio ci penser\u00e0 proprio la struttura comunale, dove prender\u00e0 il via la raccolta differenziata, cos\u00ec come nelle scuole.<\/SPAN><\/p>\n<p><SPAN style=\"FONT-FAMILY: 'Verdana','sans-serif'\">Con il miglioramento che si \u00e8 prefissa la Commissione Servizi Tecnologici attraverso la sua attivit\u00e0, non solo si avr\u00e0 un sensibile risparmio sui costi dello smaltimento dei rifiuti indifferenziati, ma anche l'ambiente potr\u00e0 migliorare non essendoci pi\u00f9 cassonetti sparsi per la citt\u00e0. Il conferimento diretto, infatti, migliorerebbe anche <\/SPAN><FONT face=Calibri>la circolazione perch\u00e9, eliminando gradualmente i cassonetti, si recupererebbero circa 3000 parcheggi. Com<\/FONT><\/p>\n<p><FONT face=Calibri><\/FONT>&nbsp;<\/p>\n<p><FONT face=Calibri><\/FONT>&nbsp;<\/p>\n","protected":false},"excerpt":{"rendered":"<p>Puntare sulla raccolta porta a porta e sulla realizzazione di una rete di ecocentri comunali finalizzati a far crescere i numeri della raccolta differenziata&nbsp; promuovendo&#8230;<\/p>\n","protected":false},"author":2,"featured_media":0,"comment_status":"closed","ping_status":"closed","sticky":false,"template":"","format":"standard","meta":[],"categories":[49],"tags":[],"_links":{"self":[{"href":"https:\/\/www.cronacaonline.it\/index.php\/wp-json\/wp\/v2\/posts\/85289"}],"collection":[{"href":"https:\/\/www.cronacaonline.it\/index.php\/wp-json\/wp\/v2\/posts"}],"about":[{"href":"https:\/\/www.cronacaonline.it\/index.php\/wp-json\/wp\/v2\/types\/post"}],"author":[{"embeddable":true,"href":"https:\/\/www.cronacaonline.it\/index.php\/wp-json\/wp\/v2\/users\/2"}],"replies":[{"embeddable":true,"href":"https:\/\/www.cronacaonline.it\/index.php\/wp-json\/wp\/v2\/comments?post=85289"}],"version-history":[{"count":0,"href":"https:\/\/www.cronacaonline.it\/index.php\/wp-json\/wp\/v2\/posts\/85289\/revisions"}],"wp:attachment":[{"href":"https:\/\/www.cronacaonline.it\/index.php\/wp-json\/wp\/v2\/media?parent=85289"}],"wp:term":[{"taxonomy":"category","embeddable":true,"href":"https:\/\/www.cronacaonline.it\/index.php\/wp-json\/wp\/v2\/categories?post=85289"},{"taxonomy":"post_tag","embeddable":true,"href":"https:\/\/www.cronacaonline.it\/index.php\/wp-json\/wp\/v2\/tags?post=85289"}],"curies":[{"name":"wp","href":"https:\/\/api.w.org\/{rel}","templated":true}]}}