{"id":85260,"date":"2011-11-18T15:13:58","date_gmt":"2011-11-18T14:13:58","guid":{"rendered":"http:\/\/www.cronacaonline.it\/public\/content\/index.php\/18\/11\/2011\/provincia-di-olbia-tempio---buffi-e-personaggi-al-padrongianus"},"modified":"2011-11-18T15:13:58","modified_gmt":"2011-11-18T14:13:58","slug":"provincia-di-olbia-tempio-buffi-e-personaggi-al-padrongianus","status":"publish","type":"post","link":"https:\/\/www.cronacaonline.it\/index.php\/2011\/11\/18\/provincia-di-olbia-tempio-buffi-e-personaggi-al-padrongianus\/","title":{"rendered":"Provincia di Olbia Tempio &#8211; \u201cBuffi e personaggi\u201d al Padrongianus."},"content":{"rendered":"<p>Domani, sabato 19 novembre, dalle 15.00 in poi, nell\u2019ambito delle attivit\u00e0 previste dal bando per la progettazione, realizzazione e gestione delle attivit\u00e0 di educazione ambientale nel Parco Fluviale del Padrongianus promosso dalla Provincia di Olbia Tempio, le societ\u00e0 Alea e Gea organizzano \"Buffi e personaggi\", un nuovo laboratorio dedicato ai bambini dai tre ai sei anni, che si svolger\u00e0 all\u2019interno del Parco.<\/p>\n<p>Sar\u00e0 un pomeriggio interamente dedicato al gioco, gioco di incastri e fantasia, per creare tanti nuovi buffi personaggi, da colorare e portar via...magari per riprenderli a casa e giocarci un p\u00f2 ricreando l'atmosfera del Padrongianus. Il laboratorio \u00e8 gratuito ma \u00e8 necessario prenotare in anticipo. Saranno ammessi solo i primi 15 iscritti. I bambini devono essere accompagnati da un genitore o un adulto di riferimento per tutta la durata del laboratorio. Per informazioni e prenotazioni \u00e8 possibile contatte la Coop. Gea al 348\/3926230 o via e-mail geascs@gmail.com, o la Provincia Olbia Tempio allo 0789-557686 e all'indirizzo infea@provincia.olbia-tempio.it. Com.<\/p>\n","protected":false},"excerpt":{"rendered":"<p>Domani, sabato 19 novembre, dalle 15.00 in poi, nell\u2019ambito delle attivit\u00e0 previste dal bando per la progettazione, realizzazione e gestione delle attivit\u00e0 di educazione ambientale&#8230;<\/p>\n","protected":false},"author":2,"featured_media":0,"comment_status":"closed","ping_status":"closed","sticky":false,"template":"","format":"standard","meta":[],"categories":[49],"tags":[],"_links":{"self":[{"href":"https:\/\/www.cronacaonline.it\/index.php\/wp-json\/wp\/v2\/posts\/85260"}],"collection":[{"href":"https:\/\/www.cronacaonline.it\/index.php\/wp-json\/wp\/v2\/posts"}],"about":[{"href":"https:\/\/www.cronacaonline.it\/index.php\/wp-json\/wp\/v2\/types\/post"}],"author":[{"embeddable":true,"href":"https:\/\/www.cronacaonline.it\/index.php\/wp-json\/wp\/v2\/users\/2"}],"replies":[{"embeddable":true,"href":"https:\/\/www.cronacaonline.it\/index.php\/wp-json\/wp\/v2\/comments?post=85260"}],"version-history":[{"count":0,"href":"https:\/\/www.cronacaonline.it\/index.php\/wp-json\/wp\/v2\/posts\/85260\/revisions"}],"wp:attachment":[{"href":"https:\/\/www.cronacaonline.it\/index.php\/wp-json\/wp\/v2\/media?parent=85260"}],"wp:term":[{"taxonomy":"category","embeddable":true,"href":"https:\/\/www.cronacaonline.it\/index.php\/wp-json\/wp\/v2\/categories?post=85260"},{"taxonomy":"post_tag","embeddable":true,"href":"https:\/\/www.cronacaonline.it\/index.php\/wp-json\/wp\/v2\/tags?post=85260"}],"curies":[{"name":"wp","href":"https:\/\/api.w.org\/{rel}","templated":true}]}}