{"id":85259,"date":"2011-11-19T15:13:58","date_gmt":"2011-11-19T14:13:58","guid":{"rendered":"http:\/\/www.cronacaonline.it\/public\/content\/index.php\/19\/11\/2011\/fini-eliminiamo-i-vitalizi"},"modified":"2011-11-19T15:13:58","modified_gmt":"2011-11-19T14:13:58","slug":"fini-eliminiamo-i-vitalizi","status":"publish","type":"post","link":"https:\/\/www.cronacaonline.it\/index.php\/2011\/11\/19\/fini-eliminiamo-i-vitalizi\/","title":{"rendered":"Fini: eliminiamo i vitalizi"},"content":{"rendered":"<p><SPAN style=\"FONT-FAMILY: 'Verdana','sans-serif'\">\"Dobbiamo ridurre i 'costi della politica', o meglio i costi degli apparati della politica. Per questo il ceto politico deve dare l'esempio e in questa direzione va la riforma che verr\u00e0 varata nella prossima legislatura. <\/SPAN><\/p>\n<p><SPAN style=\"FONT-FAMILY: 'Verdana','sans-serif'\">L'ufficio di presidenza della Camera ha dato mandato ai questori di predisporre una riforma che porter\u00e0 l'abolizione del vitalizio per gli ex parlamentari a partire appunto dalla prossima legislatura. E' una piccola cosa ma \u00e8 un esempio da seguire\". A darne l'annuncio e' stato lo stesso presidente della Camera Gianfranco Fini nel suo intervento che ha concluso la convention nazionale del Terzo polo alla Fiera di Verona.<\/SPAN><\/p>\n<p><SPAN style=\"FONT-FAMILY: 'Verdana','sans-serif'\">Il Terzo polo dovr\u00e0 essere capace di elaborare sintesi, avanzare progetti e candidarsi alla guida del Paese non come atto di presunzione ma come raccolta di<BR>energie autentiche, moderate ma anche convinte della necessit\u00e0 del cambiamento. Moderati non pu\u00f2 significare restare immobili\". Lo dice il leader di Fli, Gianfranco Fini, parlando alla manifestazione del terzo Polo a Verona.<\/SPAN><\/p>\n<p><SPAN style=\"FONT-FAMILY: 'Verdana','sans-serif'\">Secondo il leader del Fli Gianfranco Fini \"in molti casi i cittadini si sono allontanati<BR>dalla politica perch\u00e9 non hanno trovato risposte\". Parlando oggi a Verona Fini ha osservato che \"in questa generosa terra, il Nordest, solidariet\u00e0 e volontariato hanno<BR>preso posto dell'impegno politico perch\u00e9 non credeva pi\u00f9 nella politica. Oggi apriamo una nuova fase: chiameremo a raccolta mondo dell'universit\u00e0, i giovani e quelli che davvero vogliono entrare nel Ventunesimo secolo\".<\/SPAN><\/p>\n<p><SPAN style=\"FONT-FAMILY: 'Verdana','sans-serif'\">\"Non&nbsp;\u00e8 tra noi - ha proseguito - chi rinnega la propria storia ma le etichette non sono come la coperta di Linus che serve per ripararsi da qualsiasi cosa: devono essere superati da nuovi valori e ideali perch\u00e9 la societ\u00e0 \u00e8 cambiata ed \u00e8 cambiato lo scenario internazionale e perch\u00e9 siamo chiamati a dimostrare che la politica&nbsp;\u00e8 ancora capace di progettare la societ\u00e0. E' una grande sfida\".<\/SPAN><\/p>\n","protected":false},"excerpt":{"rendered":"<p>&#8220;Dobbiamo ridurre i &#8216;costi della politica&#8217;, o meglio i costi degli apparati della politica. Per questo il ceto politico deve dare l&#8217;esempio e in questa&#8230;<\/p>\n","protected":false},"author":2,"featured_media":0,"comment_status":"closed","ping_status":"closed","sticky":false,"template":"","format":"standard","meta":[],"categories":[49],"tags":[],"_links":{"self":[{"href":"https:\/\/www.cronacaonline.it\/index.php\/wp-json\/wp\/v2\/posts\/85259"}],"collection":[{"href":"https:\/\/www.cronacaonline.it\/index.php\/wp-json\/wp\/v2\/posts"}],"about":[{"href":"https:\/\/www.cronacaonline.it\/index.php\/wp-json\/wp\/v2\/types\/post"}],"author":[{"embeddable":true,"href":"https:\/\/www.cronacaonline.it\/index.php\/wp-json\/wp\/v2\/users\/2"}],"replies":[{"embeddable":true,"href":"https:\/\/www.cronacaonline.it\/index.php\/wp-json\/wp\/v2\/comments?post=85259"}],"version-history":[{"count":0,"href":"https:\/\/www.cronacaonline.it\/index.php\/wp-json\/wp\/v2\/posts\/85259\/revisions"}],"wp:attachment":[{"href":"https:\/\/www.cronacaonline.it\/index.php\/wp-json\/wp\/v2\/media?parent=85259"}],"wp:term":[{"taxonomy":"category","embeddable":true,"href":"https:\/\/www.cronacaonline.it\/index.php\/wp-json\/wp\/v2\/categories?post=85259"},{"taxonomy":"post_tag","embeddable":true,"href":"https:\/\/www.cronacaonline.it\/index.php\/wp-json\/wp\/v2\/tags?post=85259"}],"curies":[{"name":"wp","href":"https:\/\/api.w.org\/{rel}","templated":true}]}}