{"id":85224,"date":"2011-11-14T15:13:58","date_gmt":"2011-11-14T14:13:58","guid":{"rendered":"http:\/\/www.cronacaonline.it\/public\/content\/index.php\/14\/11\/2011\/monti-vorrebbe-ministri-politici-e-punta-al-2013"},"modified":"2011-11-14T15:13:58","modified_gmt":"2011-11-14T14:13:58","slug":"monti-vorrebbe-ministri-politici-e-punta-al-2013","status":"publish","type":"post","link":"https:\/\/www.cronacaonline.it\/index.php\/2011\/11\/14\/monti-vorrebbe-ministri-politici-e-punta-al-2013\/","title":{"rendered":"Monti vorrebbe ministri politici e punta al 2013"},"content":{"rendered":"<p><SPAN style=\"LINE-HEIGHT: 115%; FONT-FAMILY: 'Verdana','sans-serif'; FONT-SIZE: 12pt\">Mario Monti vuole una&nbsp;\"rappresentanza politica ai massimi livelli\" del governo. Il che significa anche a livello di ministri. Lo ha detto Roberto&nbsp;Antonione, del gruppo dei Liberali per l'Italia, al termine del&nbsp;colloquio con il presidente del Consiglio incaricato.<\/SPAN><\/p>\n<p><SPAN style=\"LINE-HEIGHT: 115%; FONT-FAMILY: 'Verdana','sans-serif'; FONT-SIZE: 12pt\">\"E' stato un incontro&nbsp;molto cordiale - dice la&nbsp;senatrice Adriana Poli Bortone, presidente di Io Sud e&nbsp;fondatrice di Grande Sud, al termine dell'incontro con il&nbsp;presidente del Consiglio incaricato -&nbsp;Monti \u00e8 apparso molto interessato rispetto&nbsp;alle nostre richieste, ma anche rammaricato dal fatto che i&nbsp;grossi partiti non vogliono politici nell'esecutivo, mentre&nbsp;il senatore a vita \u00e8 convinto che un gabinetto tra tecnici e&nbsp;politici sarebbe stato pi\u00f9 efficace\".<\/SPAN><\/p>\n<p><SPAN style=\"LINE-HEIGHT: 115%; FONT-FAMILY: 'Verdana','sans-serif'; FONT-SIZE: 12pt\">\"Monti ci ha detto che non avrebbe&nbsp;mai accettato nessun incarico a termine e che il suo governo&nbsp;guarda alla scadenza naturale della legislatura\", dice&nbsp;il segretario dell'Adc Francesco Pionati, al termine&nbsp;dell'incontro con il premier incaricato Mario Monti.<\/SPAN><\/p>\n<p><SPAN style=\"LINE-HEIGHT: 115%; FONT-FAMILY: 'Verdana','sans-serif'; FONT-SIZE: 12pt\">Monti vuole&nbsp;arrivare al 2013 e, tenendo conto anche del pensiero di<BR>Napolitano, non esclude riforme costituzionali da qui alla fine&nbsp;della legislatura. Monti ha&nbsp;preso nota, in particolare, di due riforme: la modifica del bicameralismo perfetto e la riduzione del numero dei&nbsp;parlamentari, riforma quest'ultima che comporterebbe fra l'altro un taglio alla spesa pubblica.<\/SPAN><\/p>\n<p><SPAN style=\"LINE-HEIGHT: 115%; FONT-FAMILY: 'Verdana','sans-serif'; FONT-SIZE: 12pt\">Quello di Mario Monti \"sar\u00e0 un governo&nbsp;tecnico fatto di personalit\u00e0 di alto profilo\". E' l'opinione di&nbsp;Anna Finocchiaro, la presidente dei senatori del Pd questa&nbsp;mattina ha incontrato il segretario, Pier Luigi Bersani, insieme&nbsp;al suo omologo della Camera Dario Franceschini per fare il punto&nbsp;in vista delle consultazioni di domani con il premier incaricato.&nbsp;Finocchiaro ha sottolineato che la nascita di un governo di&nbsp;larghe intese render\u00e0 necessario individuare \"strumenti nuovi di&nbsp;raccordo tra le forze politiche. Quello in cui ci troviamo \u00e8 uno&nbsp;scenario completamente inedito che per\u00f2 potrebbe portarci ad un&nbsp;bipolarismo davvero maturo\".<\/SPAN><\/p>\n<p><SPAN style=\"LINE-HEIGHT: 115%; FONT-FAMILY: 'Verdana','sans-serif'; FONT-SIZE: 12pt\">Quanto al programma del governo Monti, la capogruppo dei&nbsp;Democratici al Senato sottolinea come la prima urgenza sar\u00e0&nbsp;\"trovare i 20 miliardi per la delega fiscale cercando di evitare&nbsp;i tagli lineari\" e dunque non esclude che sar\u00e0 necessaria una nuova manovra.&nbsp;<\/SPAN><\/p>\n<p><\/SPAN><\/STRONG>&nbsp;<\/p>\n<p><SPAN style=\"FONT-FAMILY: 'Calibri','sans-serif'; FONT-WEIGHT: normal; mso-ascii-theme-font: minor-latin; mso-hansi-theme-font: minor-latin; mso-bidi-font-family: 'Times New Roman'; mso-bidi-theme-font: minor-bidi; mso-bidi-font-weight: bold\"><STRONG>Si attende la reazione dei mercati<\/STRONG><\/SPAN><\/p>\n<p><STRONG><SPAN style=\"FONT-FAMILY: 'Calibri','sans-serif'; FONT-WEIGHT: normal; mso-ascii-theme-font: minor-latin; mso-hansi-theme-font: minor-latin; mso-bidi-font-family: 'Times New Roman'; mso-bidi-theme-font: minor-bidi; mso-bidi-font-weight: bold\">\"Vincere la sfida del riscatto e dell'equit\u00e0 sociale. Tornare a essere elemento di forza e non di debolezza in Europa\". Mario Monti ha assunto ieri sera l'incarico (con riserva) a formare il nuovo governo e si mette al lavoro \"con senso di responsabilit\u00e0 e di servizio\". Oggi inizieranno le consultazioni con i partiti, su squadra e programma: tra le misure che il professore vorrebbe portare subito all' approvazione del Cdm ci sarebbero una patrimoniale, la reintroduzione dell'Ici e l'anticipo rispetto al 2026&nbsp;dell' aumento dell'et\u00e0 pensionabile a 67 anni.<\/SPAN><\/STRONG><\/p>\n<p><STRONG><SPAN style=\"FONT-FAMILY: 'Calibri','sans-serif'; FONT-WEIGHT: normal; mso-ascii-theme-font: minor-latin; mso-hansi-theme-font: minor-latin; mso-bidi-font-family: 'Times New Roman'; mso-bidi-theme-font: minor-bidi; mso-bidi-font-weight: bold\">Lo stesso Monti ha fatto capire che le sue consultazioni dureranno almeno 48 ore. Quasi tutti i partiti hanno infatti dato il loro sostanziale via libera (o almeno un nullo osta implicito) al tentativo di Monti; ma quasi tutti vogliono sapere da lui con quale programma e con quale squadra intende affrontare la nuova esperienza, prima di decidere se sostenere in tutto o in parte il suo progetto. Ecco quindi che la giornata di oggi e forse anche quella di domani vedr\u00e0 l'ex commissario europeo impegnato a spiegare le sue concrete intenzioni alle varie forze parlamentari, per poi solo dopo sciogliere la riserva.<\/SPAN><\/STRONG><\/p>\n<p><STRONG><SPAN style=\"FONT-FAMILY: 'Calibri','sans-serif'; FONT-WEIGHT: normal; mso-ascii-theme-font: minor-latin; mso-hansi-theme-font: minor-latin; mso-bidi-font-family: 'Times New Roman'; mso-bidi-theme-font: minor-bidi; mso-bidi-font-weight: bold\"><SPAN style=\"mso-spacerun: yes\">&nbsp;<\/SPAN>\"E' giunto il momento della prova. Non&nbsp;\u00e8 tempo di sterili recriminazioni\". Cos\u00ec Giorgio Napolitano ha spiegato perch\u00e9 ha affidato a Mario Monti l'incarico di formare il nuovo governo. Entro aprile dobbiamo ricollocare sul mercato buoni del tesoro per quasi 200 miliardi di euro. Di fronte a tutto ci\u00f2 bisogna \"evitare un precipitoso ricorso a elezioni anticipate. Non si tratta di operare nessun ribaltamento del risultato delle<BR>elezioni del 2008\", ha aggiunto, \"ma soltanto di dar vita a un governo che possa unire forze politiche diverse in uno sforzo straordinario richiesto dall'attuale emergenza finanziaria ed economica\". Subito dopo la parola torner\u00e0 agli elettori.<\/SPAN><\/STRONG><\/p>\n<p><STRONG><SPAN style=\"FONT-FAMILY: 'Calibri','sans-serif'; FONT-WEIGHT: normal; mso-ascii-theme-font: minor-latin; mso-hansi-theme-font: minor-latin; mso-bidi-font-family: 'Times New Roman'; mso-bidi-theme-font: minor-bidi; mso-bidi-font-weight: bold\">Test decisivo oggi per l'Italia dopo l'incarico affidato a Mario Monti per formare un nuovo governo. Il banco di prova sulla credibilit\u00e0 dell'Italia sar\u00e0 l'emissione di Buoni del Tesoro: in asta Btp quinquennali per un importo compreso fra 1,5 e 3 miliardi. Si attende inoltre la reazione dei mercati con l'apertura fra qualche ora di Piazza Affari, mentre la Borsa di Tokyo ha dato gi\u00e0 un chiaro segnale aprendo in rialzo a +1,37%<BR>mentre l'euro risale a 1,3785 dollari.<\/SPAN><\/STRONG><\/p>\n<p><FONT face=Calibri><STRONG>Monti scende in campo. Ora programma di 'Crescita-Equit\u00e0<\/STRONG><\/FONT><\/p>\n<p><FONT face=Calibri>\"Vincere la sfida del riscatto e dell'equit\u00e0. Tornare a essere elemento di forza e non di debolezza in Europa\". Mario Monti ha assunto da pochi minuti l'incarico a formare il nuovo governo, quando rompe il silenzio e indica l'ambizioso obiettivo che pone innanzi alla sua azione da presidente del Consiglio. Il professore invoca uno \"sforzo comune\" e si mette al lavoro \"con senso di responsabilit\u00e0 e di servizio\". Domani, dopo gli incontri di questa sera con i presidenti delle Camere, Fini e Schifani, inizieranno le consultazioni con i partiti, su squadra e programma. L'ultimo da scoglio da superare prima di approdare a palazzo Chigi.<\/FONT><\/p>\n<p><FONT face=Calibri>Consapevole che \"il nostro Paese\" e' \"in un momento di particolare difficolta\"', Monti si prefigge il traguardo di un'Italia di nuovo \"protagonista\" nell'Ue. E sul piano del programma tratteggia \"sforzi per risanare la situazione finanziaria e riprendere il pallino della crescita in un quadro di accresciuta attenzione all'equit\u00e0 sociale\". \"Lo dobbiamo - sottolinea il presidente incaricato - ai nostri figli. Dobbiamo dare loro un futuro concreto di dignit\u00e0 e speranza\".<\/FONT><\/p>\n<p><FONT face=Calibri>Tra le misure che il professore vorrebbe portare subito all'approvazione del Cdm ci sarebbero una patrimoniale, la reintroduzione dell'Ici e l'anticipo rispetto al 2026 dell'aumento dell'et\u00e0 pensionabile a 67 anni. E qui iniziano i problemi: Monti dovr\u00e0 farle 'digerire' ai diversi partiti.<\/FONT><\/p>\n<p><FONT face=Calibri>\"Mi accingo a questo compito - \u00e8 la rassicurazione che il senatore invia dal Quirinale - con profondo rispetto nei confronti del Parlamento e delle forze politiche. Operer\u00f2 per valorizzarne l'impegno comune per uscire presto da una situazione che presenta aspetti di emergenza ma che l'Italia pu\u00f2 superare con uno sforzo comune\".<\/FONT><\/p>\n<p><FONT face=Calibri>Quanto alla sua squadra, il senatore precisa che non ha avuto tanto tempo di leggere i giornali in questi giorni, ma bolla le \"voci circolate su nomi e tempi del governo\" come \"di pura fantasia\". L'intento \u00e8 svolgere le consultazioni \"con senso dell'urgenza ma con scrupolo\". Non e' detto, insomma, che la riserva sia sciolta, come si era ipotizzato, gi\u00e0 domani sera.<\/FONT><\/p>\n<p><FONT face=Calibri>Nel Consiglio dei ministri (con tavolo 'corto', di 12 poltrone) dovrebbero alla fine sedere tutti tecnici. Si trovano infatti d'accordo su questo punto Pdl e Pd. Mentre appare ancora aperta la 'partita' dei sottosegretari. Perch\u00e9 mentre il Pdl sembra deciso ad acconsentire al pi\u00f9 a 'tecnici di area', il Terzo polo, persuaso che un esecutivo senza politici nascerebbe pi\u00f9 debole, avrebbe espresso al capo dello Stato la convinzione che nella squadra dovrebbero esserci politici di una certa caratura, in grado di 'portare a casa' in Parlamento le leggi del nuovo governo (ad esempio, dunque, i capigruppo).<\/FONT><\/p>\n<p><FONT face=Calibri>Intanto, nonostante anche il Quirinale smentisca le voci, circolano i nomi di 'papabili' ministri. A partire da quello dell'Economia, che potrebbe essere lo stesso Monti, con un interim, o Guido Tabellini. Allo Sviluppo Economico, in pole position \u00e8 un altro bocconiano, Carlo Secchi, ma si parla ancora di Saccomanni, Tarantola e Bini Smaghi. Agli Esteri potrebbe andare Giuliano Amato (solo in alternativa, Giampiero Massolo). All'Interno si citano due prefetti: Anna Maria Cancellieri o Carlo Mosca.<\/FONT><\/p>\n<p><FONT face=Calibri>Al Welfare potrebbe arrivare Carlo Dell'Aringa (perdono quota Pietro Ichino e per la Salute Umberto Veronesi). All'Istruzione Lorenzo Ornaghi (o anche Andrea Riccardi). Alla Giustizia, Cesare Mirabelli (ma pure Ugo De Siervo o Piero Alberto Capotosti). Per la Difesa si parla del generale Rolando Mosca Moschini (o Vincenzo Camporini). All'Agricoltura potrebbero approdare Federico Vecchioni o Mario Catania. Alle Infrastrutture Rocco Sabelli o Antonio Catrical\u00e0. Alla Cultura Salvatore Settis. Incognite ancora sulla poltrona dell'Ambiente, mentre per la Pubblica amministrazione avrebbe chance la professoressa Luisa Torchia.<\/FONT><\/p>\n","protected":false},"excerpt":{"rendered":"<p>Mario Monti vuole una&nbsp;&#8220;rappresentanza politica ai massimi livelli&#8221; del governo. Il che significa anche a livello di ministri. Lo ha detto Roberto&nbsp;Antonione, del gruppo dei&#8230;<\/p>\n","protected":false},"author":2,"featured_media":0,"comment_status":"closed","ping_status":"closed","sticky":false,"template":"","format":"standard","meta":[],"categories":[49],"tags":[],"_links":{"self":[{"href":"https:\/\/www.cronacaonline.it\/index.php\/wp-json\/wp\/v2\/posts\/85224"}],"collection":[{"href":"https:\/\/www.cronacaonline.it\/index.php\/wp-json\/wp\/v2\/posts"}],"about":[{"href":"https:\/\/www.cronacaonline.it\/index.php\/wp-json\/wp\/v2\/types\/post"}],"author":[{"embeddable":true,"href":"https:\/\/www.cronacaonline.it\/index.php\/wp-json\/wp\/v2\/users\/2"}],"replies":[{"embeddable":true,"href":"https:\/\/www.cronacaonline.it\/index.php\/wp-json\/wp\/v2\/comments?post=85224"}],"version-history":[{"count":0,"href":"https:\/\/www.cronacaonline.it\/index.php\/wp-json\/wp\/v2\/posts\/85224\/revisions"}],"wp:attachment":[{"href":"https:\/\/www.cronacaonline.it\/index.php\/wp-json\/wp\/v2\/media?parent=85224"}],"wp:term":[{"taxonomy":"category","embeddable":true,"href":"https:\/\/www.cronacaonline.it\/index.php\/wp-json\/wp\/v2\/categories?post=85224"},{"taxonomy":"post_tag","embeddable":true,"href":"https:\/\/www.cronacaonline.it\/index.php\/wp-json\/wp\/v2\/tags?post=85224"}],"curies":[{"name":"wp","href":"https:\/\/api.w.org\/{rel}","templated":true}]}}