{"id":85192,"date":"2011-11-14T15:13:58","date_gmt":"2011-11-14T14:13:58","guid":{"rendered":"http:\/\/www.cronacaonline.it\/public\/content\/index.php\/14\/11\/2011\/tournee-del-teatro-actores-alidos"},"modified":"2011-11-14T15:13:58","modified_gmt":"2011-11-14T14:13:58","slug":"tournee-del-teatro-actores-alidos","status":"publish","type":"post","link":"https:\/\/www.cronacaonline.it\/index.php\/2011\/11\/14\/tournee-del-teatro-actores-alidos\/","title":{"rendered":"Tourn\u00e9e del Teatro Actores Alidos"},"content":{"rendered":"<p><SPAN style=\"FONT-FAMILY: 'Verdana','sans-serif'; FONT-SIZE: 11pt\">Sar\u00e0 una settimana ricca di appuntamenti per il Teatro Actores Alidos in tourn\u00e9e con i suoi spettacoli nel Lazio e in Campania, in concomitanza con la tourn\u00e9e di Vinicio Capossela a cui prendono parte alcune attrici-cantanti della Compagnia.<\/SPAN><\/p>\n<p><SPAN style=\"FONT-FAMILY: 'Verdana','sans-serif'; FONT-SIZE: 11pt\">Dopo i concerti di Avellino e Catanzaro, la ciurma di Capossela (tra cui Valeria Pilia, Manuela Ragusa e Ambra Pintore) approder\u00e0 al Teatro Bellini di Napoli il 15 e 16 Novembre.<\/SPAN><\/p>\n<p><SPAN style=\"FONT-FAMILY: 'Verdana','sans-serif'; FONT-SIZE: 11pt\">E da Napoli partir\u00e0 anche la tourn\u00e9e del TAA dove domani 15 Novembre alle ore 10.00 porter\u00e0 in scena \u201cI tre Porcellini\u201d al teatro Il Piccolo, inserito nella Rassegna nazionale di Teatro e Pedagogia teatrale \u201cConfini e Frontiere\u201d promosso dalla Compagnia \u201cMagazzini di Fine Millennio\u201d; lo stesso spettacolo sar\u00e0 poi in scena il 16 e 18 Novembre a Gaeta (LT) e il 20 Novembre al Teatro Bertolt Brecht di Formia (LT).<\/SPAN><\/p>\n<p><SPAN style=\"FONT-FAMILY: 'Verdana','sans-serif'; FONT-SIZE: 11pt\">Il 17 Novembre il TAA sar\u00e0 la volta di un altro spettacolo della Compagnia che circuita a livello internazionale: il concerto \u201cLaras de coraddu\u201d in scena al Teatro dei Calanchi di Lubriano (VT) alle ore 21.15 e il 19 Novembre al Teatro di Limosa di Spigno Saturnia <\/SPAN><SPAN style=\"FONT-SIZE: 13pt\">(LT).<\/SPAN><\/p>\n<p><SPAN style=\"FONT-FAMILY: 'Verdana','sans-serif'; mso-fareast-font-family: Cambria; mso-fareast-language: EN-US\"><SPAN style=\"mso-spacerun: yes\">&nbsp;<\/SPAN>\u201cLaras de coraddu\u201d, con la regia di Gianfranco Angei, \u00e8 affidato alla calda voce dell\u2019interprete principale <I>boghe sola<\/I> Valeria Pilia (che \u00e8 anche autrice di alcuni testi e di tutti gli arrangiamenti in chiave polifonica) che guida le altre quattro interpreti Manuela Sanna, Valeria Parisi, Manuela Ragusa e Marta Proietti Orzella, accompagnate dal polistrumentista Orlando Mascia, in canti tradizionali e di recente composizione con testi popolari e di alcuni dei poeti sardi pi\u00f9 rappresentativi come Peppino Marotto, Paolo Pillonca, Peppino Mereu. Oltre a piccole e delicate atmosfere teatrali, \u201cLaras\u201d si arricchisce ulteriormente con la proiezione di antichi filmati di grande valore antropologico che documentano diversi aspetti della vita quotidiana di alcune localit\u00e0 della Sardegna. Per antica tradizione le donne sarde ponevano nelle culle dei loro bimbi amuleti di corallo con lo scopo di allontanare gli influssi maligni e, loro stesse, con il canto auguravano loro la buona sorte. Come il corallo anche le loro labbra quindi, nel cantare la ninna nanna, scacciavano gli spiriti maligni; ma il canto delle donne accompagnava tutte le fasi della vita, dalla nascita alla morte: le donne cantavano per scacciare le paure, evocare amori travagliati, proteggere dalle malattie, celebrare riti religiosi, accompagnare i morti nel loro ultimo viaggio, ma anche divertire i bimbi e alleggerire il duro lavoro quotidiano con versi scherzosi o d\u2019amore appassionato o, ancora, partecipare alle feste con esplosioni sonore e gioiose.\u201cLabbra di corallo\u201d perci\u00f2 non vuole citare unicamente la bellezza femminile, ma soprattutto vuole evocare la funzione sciamanica che la voce della donna aveva nella vita sociale della Sardegna. Cos\u00ec come \u201cCanti delle donne Sarde\u201d anche questo secondo lavoro della Compagnia \u00e8 stato ospitato in diversi Festival internazionali, non ultimo il Festival \u201cMAI-diterran\u00e9e del Th\u00e9atre Toursky di Marsiglia e verr\u00e0 presto prodotto un CD.<\/SPAN><\/p>\n<p><SPAN style=\"FONT-FAMILY: 'Verdana','sans-serif'; mso-bidi-font-size: 11.5pt\">Ispirato a \u201cI tre porcellini\u201d di Charles Perrault, una delle fiabe pi\u00f9 diffuse e amate nel mondo, lo spettacolo, <SPAN style=\"COLOR: black; mso-bidi-font-weight: bold\">al cui titolo viene emblematicamente aggiunto il sottotitolo \u201covvero come salvarsi dal lupo e non solo\u201d,<\/SPAN> racconta il difficile e faticoso cammino per diventare grandi, fino alla costruzione di una casa da \u201cabitare\u201d come raggiungimento della propria indipendenza al riparo dalle insidie della vita. Avvalendosi della riscrittura <SPAN style=\"COLOR: black; mso-bidi-font-weight: bold\">della regista Valeria Pilia, lo spettacolo offre un\u2019opportunit\u00e0 di analizzare con serenit\u00e0 e ironia quelle ansie e paure proprie dei piccoli e di provare, se possibile, a sorriderci sopra. In questa nuova fiaba, oltre ai tre classici protagonisti (uno di loro \u00e8 una porcellina) e all\u2019immancabile lupo, entrano nuovi personaggi: una premurosa e un po\u2019 asfissiante mamma maiala, un babbo maiale che prende la fuga per le troppe responsabilit\u00e0 e una papera \u201ctata\u201d tuttofare; tutti quanti alle prese con la difficile arte di destreggiarsi nella vita, litigando, cercando coalizioni, affrontando amori o delusioni e infine cooperando per uscire dai guai. <\/SPAN><\/SPAN><SPAN style=\"FONT-FAMILY: 'Verdana','sans-serif'; mso-fareast-font-family: Cambria; mso-fareast-language: EN-US\"><\/SPAN><\/p>\n<p><SPAN style=\"FONT-FAMILY: 'Verdana','sans-serif'; mso-bidi-font-size: 11.5pt\">I tre protagonisti <B style=\"mso-bidi-font-weight: normal\">Dodo<\/B>, <B style=\"mso-bidi-font-weight: normal\">Lollo<\/B> e <B style=\"mso-bidi-font-weight: normal\">Fiffi<\/B>, una volta cresciuti, salutano la mamma Maiala, per avventurarsi finalmente alla scoperta del mondo; ognuno porta con s\u00e9 oggetti che definiscono la loro singolarit\u00e0 e che all\u2019occorrenza si dimostreranno utili per affrontare questa grande avventura: ma saranno sufficienti a tenerli lontani dai guai e dai cattivi incontri?<\/SPAN><\/p>\n<p><SPAN style=\"FONT-FAMILY: 'Verdana','sans-serif'; mso-bidi-font-size: 11.5pt\">Ricorderanno gli insegnamenti di Mamma Maiala? Cosa<SPAN style=\"mso-spacerun: yes\">&nbsp; <\/SPAN>succeder\u00e0 quando Fiffi incontrer\u00e0 il lupo Accio, gentile e seduttore?<SPAN style=\"mso-spacerun: yes\">&nbsp; <\/SPAN>Riusciranno Dodo, Lollo e Fiffi a beffare questo lupo cattivo? Metteranno da parte i loro litigi per unire le loro idee e ingannare il lupo? Ma chi \u00e8 veramente il Lupo? Chi di noi lo conosce davvero?<\/SPAN><\/p>\n<p><SPAN style=\"FONT-FAMILY: 'Verdana','sans-serif'; mso-bidi-font-size: 11.5pt\">E il finale? Una sorpresa del tutto imprevedibile!<SPAN style=\"mso-spacerun: yes\">&nbsp;&nbsp;&nbsp;&nbsp; <\/SPAN><\/SPAN><\/p>\n<p><SPAN style=\"FONT-FAMILY: 'Verdana','sans-serif'; mso-bidi-font-size: 11.5pt\">Ma non solo: questa fiaba, tra gli altri, ha anche lo scopo di parlare agli adulti, facendoli riflettere e permettere loro di riconoscersi nelle varie contraddizioni e nelle piccole violenze involontarie operate quotidianamente sui bambini. Com<\/SPAN><\/p>\n","protected":false},"excerpt":{"rendered":"<p>Sar\u00e0 una settimana ricca di appuntamenti per il Teatro Actores Alidos in tourn\u00e9e con i suoi spettacoli nel Lazio e in Campania, in concomitanza con&#8230;<\/p>\n","protected":false},"author":2,"featured_media":0,"comment_status":"closed","ping_status":"closed","sticky":false,"template":"","format":"standard","meta":[],"categories":[49],"tags":[],"_links":{"self":[{"href":"https:\/\/www.cronacaonline.it\/index.php\/wp-json\/wp\/v2\/posts\/85192"}],"collection":[{"href":"https:\/\/www.cronacaonline.it\/index.php\/wp-json\/wp\/v2\/posts"}],"about":[{"href":"https:\/\/www.cronacaonline.it\/index.php\/wp-json\/wp\/v2\/types\/post"}],"author":[{"embeddable":true,"href":"https:\/\/www.cronacaonline.it\/index.php\/wp-json\/wp\/v2\/users\/2"}],"replies":[{"embeddable":true,"href":"https:\/\/www.cronacaonline.it\/index.php\/wp-json\/wp\/v2\/comments?post=85192"}],"version-history":[{"count":0,"href":"https:\/\/www.cronacaonline.it\/index.php\/wp-json\/wp\/v2\/posts\/85192\/revisions"}],"wp:attachment":[{"href":"https:\/\/www.cronacaonline.it\/index.php\/wp-json\/wp\/v2\/media?parent=85192"}],"wp:term":[{"taxonomy":"category","embeddable":true,"href":"https:\/\/www.cronacaonline.it\/index.php\/wp-json\/wp\/v2\/categories?post=85192"},{"taxonomy":"post_tag","embeddable":true,"href":"https:\/\/www.cronacaonline.it\/index.php\/wp-json\/wp\/v2\/tags?post=85192"}],"curies":[{"name":"wp","href":"https:\/\/api.w.org\/{rel}","templated":true}]}}