{"id":85089,"date":"2011-10-20T15:13:57","date_gmt":"2011-10-20T14:13:57","guid":{"rendered":"http:\/\/www.cronacaonline.it\/public\/content\/index.php\/20\/10\/2011\/turismo---cammino-di-santu-jacu-assessore-crisponi-turismo-religioso-decisivo-per-destagionalizzare"},"modified":"2011-10-20T15:13:57","modified_gmt":"2011-10-20T14:13:57","slug":"turismo-cammino-di-santu-jacu-assessore-crisponi-turismo-religioso-decisivo-per-destagionalizzare","status":"publish","type":"post","link":"https:\/\/www.cronacaonline.it\/index.php\/2011\/10\/20\/turismo-cammino-di-santu-jacu-assessore-crisponi-turismo-religioso-decisivo-per-destagionalizzare\/","title":{"rendered":"Turismo &#8211; Cammino di Santu Jacu, assessore Crisponi: &#8220;Turismo religioso decisivo per destagionalizzare&#8221;."},"content":{"rendered":"<p>Stamane, nella sede dell\u2019assessorato al Turismo, a&nbsp;Cagliari, si \u00e8 svolto un incontro preliminare tra l\u2019assessore Luigi Crisponi, i rappresentati e dirigenti dell\u2019assessorato regionale, il rappresentante dell\u2019Anci Umberto Oppus e circa venti tra sindaci e amministratori comunali dei centri interessati a \u2018Santu Jacu\u2019. <\/p>\n<p>Si tratta di un culto radicato e particolarmente sentito in quasi tutta l\u2019Isola, che risale all\u2019antica leggenda secondo la quale l\u2019opera di evangelizzazione di San Giacomo Apostolo, iniziata in Palestina e proseguita in Spagna, abbia fatto tappa in Sardegna. A testimonianza di ci\u00f2 ben 17 chiese a lui intitolate e, soprattutto e dal fatto che sia patrono in 8 centri isolani (Goni, Ittireddu, Noragugume, Nugheddu Santa Vittoria, Orosei, Perdaxius e Soleminis).<\/p>\n<p>L\u2019assessorato regionale del Turismo ha deciso di coinvolgere tutte le comunit\u00e0 interessate dal percorso per la realizzazione di un progetto strategico nell\u2019ambito del turismo religioso, che segue i due appuntamenti della prima parte dell\u2019anno, la celebrazione dei Fuochi di Sant\u2019Antonio e quella dei Riti della Settimana Santa, e al quale saranno associati in seguito altre due iniziative, \u2018Il cammino di San Giorgio vescovo di Suelli\u2019 e \u2018I Santi e i martiri della Sardegna\u2019. L\u2019iniziativa \u00e8 stata unanimemente apprezzata e in gran parte condivisa. <\/p>\n<p>\"Intendiamo creare una filiera del turismo religioso \u2013 ha affermato l\u2019assessore Crisponi -, un prodotto decisivo per destagionalizzare e diversificare i flussi turistici. Nel caso specifico di \u2018Santu Jacu\u2019 \u00e8 nostra volont\u00e0 creare un sistema di comunit\u00e0, una rete integrata aperta a tutti i centri che si trovano lungo il percorso, un cammino intriso di spiritualit\u00e0, fonte di conoscenza del territorio e di incontri per il pellegrino e particolarmente curioso anche per i viaggiatori non credenti. Questo progetto parte dagli otto comuni che hanno come patrono san Giacomo estendendosi a tanti altri centri lungo il percorso, cos\u00ec da creare un circuito virtuoso\". <\/p>\n<p>I centri coinvolti daranno avvio ad azioni comuni per la realizzazione del percorso (segnaletica, indicazioni da collocare presso le chiese e le piazze adiacenti al percorso, cippi denotativi). Altre azioni riguardano i singoli comuni: interventi sul contesto urbano, centri di documentazione di San Giacomo e le vie del pellegrinaggio locale. La rete del cammino \u00e8 suddivisibile in tappe, raggiungibili da pi\u00f9 parti. L\u2019asse \u00e8 lungo la direttrice Sant\u2019Antioco \u2013 Cagliari \u2013 Mandas \u2013 Ittireddu, che prosegue a nord nella zona del romanico \u2013 pisano per arrivare a Sassari e Porto Torres o che devia a est verso Ozieri \u2013 Nuoro \u2013 Orosei. Attorno all\u2019asse principale saranno sviluppati percorsi locali per permettere agli utenti di soffermarsi a conoscere le zone vicine. Inoltre, alcune zone saranno utilizzabili da soggetti non vedenti, non udenti, diversamente abili e anziani. Il target cui si rivolge il \u2018Cammino di Santu Jacu\u2019 \u00e8 ampio e si innesta nei percorsi religiosi e nei \u2018Sentieri dello spirito\u2019, che muovono milioni di fedeli e, anche, non credenti. Il percorso \u00e8 ideale per l\u2019escursionismo a piedi, in bici, a cavallo, con mezzi d\u2019appoggio tipo trenino verde o altro mezzo. Red.<\/p>\n","protected":false},"excerpt":{"rendered":"<p>Stamane, nella sede dell\u2019assessorato al Turismo, a&nbsp;Cagliari, si \u00e8 svolto un incontro preliminare tra l\u2019assessore Luigi Crisponi, i rappresentati e dirigenti dell\u2019assessorato regionale, il rappresentante&#8230;<\/p>\n","protected":false},"author":2,"featured_media":0,"comment_status":"closed","ping_status":"closed","sticky":false,"template":"","format":"standard","meta":[],"categories":[49],"tags":[],"_links":{"self":[{"href":"https:\/\/www.cronacaonline.it\/index.php\/wp-json\/wp\/v2\/posts\/85089"}],"collection":[{"href":"https:\/\/www.cronacaonline.it\/index.php\/wp-json\/wp\/v2\/posts"}],"about":[{"href":"https:\/\/www.cronacaonline.it\/index.php\/wp-json\/wp\/v2\/types\/post"}],"author":[{"embeddable":true,"href":"https:\/\/www.cronacaonline.it\/index.php\/wp-json\/wp\/v2\/users\/2"}],"replies":[{"embeddable":true,"href":"https:\/\/www.cronacaonline.it\/index.php\/wp-json\/wp\/v2\/comments?post=85089"}],"version-history":[{"count":0,"href":"https:\/\/www.cronacaonline.it\/index.php\/wp-json\/wp\/v2\/posts\/85089\/revisions"}],"wp:attachment":[{"href":"https:\/\/www.cronacaonline.it\/index.php\/wp-json\/wp\/v2\/media?parent=85089"}],"wp:term":[{"taxonomy":"category","embeddable":true,"href":"https:\/\/www.cronacaonline.it\/index.php\/wp-json\/wp\/v2\/categories?post=85089"},{"taxonomy":"post_tag","embeddable":true,"href":"https:\/\/www.cronacaonline.it\/index.php\/wp-json\/wp\/v2\/tags?post=85089"}],"curies":[{"name":"wp","href":"https:\/\/api.w.org\/{rel}","templated":true}]}}