{"id":84947,"date":"2011-09-04T15:13:57","date_gmt":"2011-09-04T14:13:57","guid":{"rendered":"http:\/\/www.cronacaonline.it\/public\/content\/index.php\/04\/09\/2011\/chiuso-questoggi-il-sesto-festival-letterario-san-bartolomeo"},"modified":"2011-09-04T15:13:57","modified_gmt":"2011-09-04T14:13:57","slug":"chiuso-questoggi-il-sesto-festival-letterario-san-bartolomeo","status":"publish","type":"post","link":"https:\/\/www.cronacaonline.it\/index.php\/2011\/09\/04\/chiuso-questoggi-il-sesto-festival-letterario-san-bartolomeo\/","title":{"rendered":"Chiuso quest\u2019oggi il Sesto Festival Letterario San Bartolomeo"},"content":{"rendered":"<p><SPAN style=\"FONT-FAMILY: 'Verdana', 'sans-serif'\">Domenica si \u00e8 chiuso il Festival Letterario di San Bartolomeo. Dopo un sabato scoppiettante che ha visto nelle due sessioni delle ore 18 e delle ore 20.30, direttamente dal ritiro della Lazio il preparatore atletico dei portieri delle giovanili Alessandro Carta, che ha presentato \u201cL\u2019Orco Baleno e la vecchietta ammazza palloni\u201d, <I style=\"mso-bidi-font-style: normal\">Tafros<\/I>; Massimo Rassu e Fabio Marcello, \u201cEgo Miles de Ordine Templi\u201d, <I style=\"mso-bidi-font-style: normal\">Accademia Templare di San Bernardo da Chiaravalle<\/I>; Daniela Frigau, \u201cSe fossi conchiglia ti amerei per sempre\u201d, <I style=\"mso-bidi-font-style: normal\">La Riflessione<\/I>; Francesca Marcello, \u201cUmiliati\u201d e Gianni Zanata, \u201cNon sto tanto male\u201d, <I style=\"mso-bidi-font-style: normal\">Quarup<\/I>; Rafael Medina, \u201cSigvard. Gli alfieri del tempo\u201d, <I style=\"mso-bidi-font-style: normal\">Arkadia<\/I>; (il primo fantasy sardo), Paolo Maccioni, \u201cBuenos Aires troppo tardi\u201d, <I style=\"mso-bidi-font-style: normal\">Arkadia<\/I>; Antonello Pellegrino, \u201cDalla scura terra\u201d, <I style=\"mso-bidi-font-style: normal\">Arkadia<\/I>; Michele Pio Ledda, \u201cIl sangue di Cristo\u201d, <I style=\"mso-bidi-font-style: normal\">Arkadia<\/I>; Mohammed Ayyoub, \u201cQuando guardo le stelle\u2026\u201d, <I style=\"mso-bidi-font-style: normal\">Editar<\/I>; Gianni Mascia, \u201cTzacca stradoni! Racconti della mala cagliaritana\u201d, <I style=\"mso-bidi-font-style: normal\">Condaghes<\/I>; oltre agli organizzatori Vincenzo Di Dino e Angelo Pili e la partecipazione di Nicola Cossu e Roberto Palmas.<\/SPAN><\/p>\n<p><SPAN style=\"FONT-FAMILY: 'Verdana', 'sans-serif'\">La domenica si \u00e8 aperta alle ore 18 con la premiazione della 5^ edizione di \u201cSerata in onore di\u2026\u201d Giuseppina Primavera tra i fondatori di InterCultura a Cagliari. Nelle precedenti edizioni furono premiati Antonio Romagnino, padre Antonio Sconamila, Vito Biolchini ed Elio Turno Arthemalle, Antonello Lai. Il premio viene assegnato da Vincenzo Di Dino e Angelo Pili, a quanti si sono distinti a Cagliari o in Sardegna nei diversi campi.<\/SPAN><\/p>\n<p><SPAN style=\"FONT-FAMILY: 'Verdana', 'sans-serif'\">Proclamati anche i vincitori della 3^ edizione del Premio Letterario Internazionale San Bartolomeo (lingua sarda, italiana, corsa) avente per tema \u201cENERGIA\u201d; (le altre edizioni hanno avuto come tema \u201cprecariato\u201d nel 2009, \u201cautonomia\u201d nel 2010, e \u201cmorale\u201d nel 2012), che sono Pietro Caddeo per la sezione narrativa italiana, Maddalena Frau per la sezione poesia sarda e Mariangela Sedda per la sezione poesia italiana.<\/SPAN><\/p>\n<p><SPAN style=\"FONT-FAMILY: 'Verdana', 'sans-serif'\">Con il patrocinio della Provincia, del Comune e dell\u2019Associazione degli Industriali di Cagliari, il Festival al suo sesto appuntamento ha prodotto numeri importanti: una sala sempre piena di pubblico in 6 giorni, 11 sessioni di lavoro, 3 mostre (Emanuele Gentile, \u201cSchegge digitali\u201d mostra personale di pittura digitale che ha proposto un omaggio a \u201cschegge di pensiero\u201d di Mario Schifano, Roberto Serri, che ha esposto \u201cCaras\u201d, una mostra personale di maschere sarde e Lucia Leoni che ha presentato \u201cLuglio, Agosto, Settembre\u2026 e oltre (nero)\u201d, un omaggio agli Area di Stratos), 1 inventore, 45 libri e pi\u00f9 o meno altrettanti autori, 26 case editrici, una trentina di<SPAN style=\"mso-spacerun: yes\">&nbsp; <\/SPAN>ospiti, qualche accompagnamento musicale, 5 premiazioni, 2 giurie democratico-popolari, 2 escursioni.<\/SPAN><\/p>\n<p><SPAN style=\"FONT-FAMILY: 'Verdana', 'sans-serif'\">E\u2019 stato definito il pi\u00f9 grande dei piccoli festival o forse il pi\u00f9 piccolo dei grandi festival. Ma causa di assenza di finanziamenti \u00e8 stato il pi\u00f9 economico, ecologico, ecocompatibile, ecosostenibile, della storia ma non per questo di basso livello.<\/SPAN><\/p>\n<p><SPAN style=\"FONT-FAMILY: 'Verdana', 'sans-serif'\">&lt;Anzi, il rapporto \u201cqualit\u00e0\/prezzo\u201d \u00e8 ottimo e ringraziamo la provincia di Cagliari e in particolare l\u2019assessore Piero Comandini per averci ospitato in questa splendida sede _dice Vincenzo Di Dino_ come sottolinea anche la vignetta di Tullio Boi (Brulliotoi) \u201cdal colle al monte, in crescita\u201d&gt;.<\/SPAN><\/p>\n<p><SPAN style=\"FONT-FAMILY: 'Verdana', 'sans-serif'\">Meno carta e pi\u00f9 mail: tam tam informatico e mediatico utilizzando poca cellulosa e meno spese in comunicazione. Quasi un festival virtuale.<\/SPAN><\/p>\n<p><SPAN style=\"FONT-FAMILY: 'Verdana', 'sans-serif'\">&lt;Dobbiamo ringraziare sicuramente il pubblico che ci ha seguito spostandosi da San Bartolomeo a Monte Claro _dicono Angelo Pili e Vincenzo Di Dino_ e i colleghi della stampa, radio e tv che quest\u2019anno ci hanno prestato attenzione forse fiutando un Festival in crescita&gt; Com<\/SPAN><\/p>\n","protected":false},"excerpt":{"rendered":"<p>Domenica si \u00e8 chiuso il Festival Letterario di San Bartolomeo. Dopo un sabato scoppiettante che ha visto nelle due sessioni delle ore 18 e delle&#8230;<\/p>\n","protected":false},"author":2,"featured_media":0,"comment_status":"closed","ping_status":"closed","sticky":false,"template":"","format":"standard","meta":[],"categories":[49],"tags":[],"_links":{"self":[{"href":"https:\/\/www.cronacaonline.it\/index.php\/wp-json\/wp\/v2\/posts\/84947"}],"collection":[{"href":"https:\/\/www.cronacaonline.it\/index.php\/wp-json\/wp\/v2\/posts"}],"about":[{"href":"https:\/\/www.cronacaonline.it\/index.php\/wp-json\/wp\/v2\/types\/post"}],"author":[{"embeddable":true,"href":"https:\/\/www.cronacaonline.it\/index.php\/wp-json\/wp\/v2\/users\/2"}],"replies":[{"embeddable":true,"href":"https:\/\/www.cronacaonline.it\/index.php\/wp-json\/wp\/v2\/comments?post=84947"}],"version-history":[{"count":0,"href":"https:\/\/www.cronacaonline.it\/index.php\/wp-json\/wp\/v2\/posts\/84947\/revisions"}],"wp:attachment":[{"href":"https:\/\/www.cronacaonline.it\/index.php\/wp-json\/wp\/v2\/media?parent=84947"}],"wp:term":[{"taxonomy":"category","embeddable":true,"href":"https:\/\/www.cronacaonline.it\/index.php\/wp-json\/wp\/v2\/categories?post=84947"},{"taxonomy":"post_tag","embeddable":true,"href":"https:\/\/www.cronacaonline.it\/index.php\/wp-json\/wp\/v2\/tags?post=84947"}],"curies":[{"name":"wp","href":"https:\/\/api.w.org\/{rel}","templated":true}]}}