{"id":84941,"date":"2011-09-23T15:13:57","date_gmt":"2011-09-23T14:13:57","guid":{"rendered":"http:\/\/www.cronacaonline.it\/public\/content\/index.php\/23\/09\/2011\/bardanzellu-pdl-meridiana-indispensabile-per-i-sardi-soddisfatto-per-laccordo-regione-compagnia-aerea"},"modified":"2011-09-23T15:13:57","modified_gmt":"2011-09-23T14:13:57","slug":"bardanzellu-pdl-meridiana-indispensabile-per-i-sardi-soddisfatto-per-laccordo-regione-compagnia-aerea","status":"publish","type":"post","link":"https:\/\/www.cronacaonline.it\/index.php\/2011\/09\/23\/bardanzellu-pdl-meridiana-indispensabile-per-i-sardi-soddisfatto-per-laccordo-regione-compagnia-aerea\/","title":{"rendered":"Bardanzellu (PdL): \u201cMeridiana indispensabile per i sardi. Soddisfatto per l\u2019accordo Regione-compagnia aerea\u201d"},"content":{"rendered":"<p><SPAN style=\"FONT-FAMILY: 'Arial', 'sans-serif'\">\u00abLa compagnia aerea Meridiana \u00e8 indispensabile per noi sardi per questo esprimo piena soddisfazione per la lettera d\u2019intenti sottoscritta questa mattina a Villa Devoto, e la volont\u00e0 di collaborazione fra il Presidente Cappellacci e la societ\u00e0 di propriet\u00e0 del Principe Aga Khan\u00bb.<\/SPAN><\/p>\n<p><SPAN style=\"FONT-FAMILY: 'Arial', 'sans-serif'\">Lo ha dichiarato il consigliere regionale del PdL <B style=\"mso-bidi-font-weight: normal\">Gianfranco Bardanzellu<\/B>.<\/SPAN><\/p>\n<p><SPAN style=\"FONT-FAMILY: 'Arial', 'sans-serif'\">\u00abRitengo indispensabile l\u2019ingresso della Regione attraverso la Sfirs, e quindi del popolo sardo, nel capitale sociale di Meridiana - ha detto Bardanzellu - cos\u00ec da sviluppare per i sardi nuove tratte e nuove occasioni di libert\u00e0 di movimento, con l\u2019obiettivo di rafforzare e determinare, definitivamente, le modalit\u00e0 di continuit\u00e0 territoriale non solo per i residenti\u00bb.<\/SPAN><\/p>\n<p>\u00abAbbiamo assistito, questa estate, al positivo esperimento della flotta navale regionale - conclude Bardanzellu - ora, con il possibile prossimo ingresso in Meridiana, la Regione potr\u00e0 consolidare il sistema di trasporto da e per la Sardegna, consentendo nuove opportunit\u00e0 di movimento sia per i residenti sia per i turisti che intendono raggiungere la Sardegna\u00bb.<\/p>\n","protected":false},"excerpt":{"rendered":"<p>\u00abLa compagnia aerea Meridiana \u00e8 indispensabile per noi sardi per questo esprimo piena soddisfazione per la lettera d\u2019intenti sottoscritta questa mattina a Villa Devoto, e&#8230;<\/p>\n","protected":false},"author":2,"featured_media":0,"comment_status":"closed","ping_status":"closed","sticky":false,"template":"","format":"standard","meta":[],"categories":[49],"tags":[],"_links":{"self":[{"href":"https:\/\/www.cronacaonline.it\/index.php\/wp-json\/wp\/v2\/posts\/84941"}],"collection":[{"href":"https:\/\/www.cronacaonline.it\/index.php\/wp-json\/wp\/v2\/posts"}],"about":[{"href":"https:\/\/www.cronacaonline.it\/index.php\/wp-json\/wp\/v2\/types\/post"}],"author":[{"embeddable":true,"href":"https:\/\/www.cronacaonline.it\/index.php\/wp-json\/wp\/v2\/users\/2"}],"replies":[{"embeddable":true,"href":"https:\/\/www.cronacaonline.it\/index.php\/wp-json\/wp\/v2\/comments?post=84941"}],"version-history":[{"count":0,"href":"https:\/\/www.cronacaonline.it\/index.php\/wp-json\/wp\/v2\/posts\/84941\/revisions"}],"wp:attachment":[{"href":"https:\/\/www.cronacaonline.it\/index.php\/wp-json\/wp\/v2\/media?parent=84941"}],"wp:term":[{"taxonomy":"category","embeddable":true,"href":"https:\/\/www.cronacaonline.it\/index.php\/wp-json\/wp\/v2\/categories?post=84941"},{"taxonomy":"post_tag","embeddable":true,"href":"https:\/\/www.cronacaonline.it\/index.php\/wp-json\/wp\/v2\/tags?post=84941"}],"curies":[{"name":"wp","href":"https:\/\/api.w.org\/{rel}","templated":true}]}}