{"id":84901,"date":"2011-09-01T15:13:57","date_gmt":"2011-09-01T14:13:57","guid":{"rendered":"http:\/\/www.cronacaonline.it\/public\/content\/index.php\/01\/09\/2011\/manovra---il-drammatico-piano-di-austerita-dellitalia"},"modified":"2011-09-01T15:13:57","modified_gmt":"2011-09-01T14:13:57","slug":"manovra-il-drammatico-piano-di-austerita-dellitalia","status":"publish","type":"post","link":"https:\/\/www.cronacaonline.it\/index.php\/2011\/09\/01\/manovra-il-drammatico-piano-di-austerita-dellitalia\/","title":{"rendered":"Manovra &#8211; Il drammatico piano di austerit\u00e0 dell&#8217;Italia"},"content":{"rendered":"<p>Il quotidiano fa riferimento a quanto accaduto ieri riguardo alla decisione di far saltare al norma sulle pensioni si tratta del quarto cambiamento del governo e del pi\u00f9 veloce, in un'estate di austerit\u00e0. Il portavoce di Berlusconi si \u00e8 rifiutato di spiegare perch\u00e8 il governo avesse deciso la variazione sulle pensioni e ha declinato ogni commento sulla leadership del premier.<\/p>\n<p>I cambiamenti rischiano di esacerbare le preoccupazioni degli investitori che temono che Berlusconi non abbia lo stomaco per approvare misure impopolari che permetterebbero a Roma di far diminuire il debito del paese che \u00e8 pari al 120% del prodotto interno lordo in Italia.<\/p>\n<p>E&nbsp;cita l'editoriale di ieri del Corriere della Sera, primo giornale italiano: \"C'\u00e8 un ripetersi di misure che appaiono e scompaiono, battono le ali e poi muoiono come le farfalle che vivono un paio d'ore, giusto il tempo di incantare i bambini\".<\/p>\n","protected":false},"excerpt":{"rendered":"<p>Il quotidiano fa riferimento a quanto accaduto ieri riguardo alla decisione di far saltare al norma sulle pensioni si tratta del quarto cambiamento del governo&#8230;<\/p>\n","protected":false},"author":2,"featured_media":0,"comment_status":"closed","ping_status":"closed","sticky":false,"template":"","format":"standard","meta":[],"categories":[49],"tags":[],"_links":{"self":[{"href":"https:\/\/www.cronacaonline.it\/index.php\/wp-json\/wp\/v2\/posts\/84901"}],"collection":[{"href":"https:\/\/www.cronacaonline.it\/index.php\/wp-json\/wp\/v2\/posts"}],"about":[{"href":"https:\/\/www.cronacaonline.it\/index.php\/wp-json\/wp\/v2\/types\/post"}],"author":[{"embeddable":true,"href":"https:\/\/www.cronacaonline.it\/index.php\/wp-json\/wp\/v2\/users\/2"}],"replies":[{"embeddable":true,"href":"https:\/\/www.cronacaonline.it\/index.php\/wp-json\/wp\/v2\/comments?post=84901"}],"version-history":[{"count":0,"href":"https:\/\/www.cronacaonline.it\/index.php\/wp-json\/wp\/v2\/posts\/84901\/revisions"}],"wp:attachment":[{"href":"https:\/\/www.cronacaonline.it\/index.php\/wp-json\/wp\/v2\/media?parent=84901"}],"wp:term":[{"taxonomy":"category","embeddable":true,"href":"https:\/\/www.cronacaonline.it\/index.php\/wp-json\/wp\/v2\/categories?post=84901"},{"taxonomy":"post_tag","embeddable":true,"href":"https:\/\/www.cronacaonline.it\/index.php\/wp-json\/wp\/v2\/tags?post=84901"}],"curies":[{"name":"wp","href":"https:\/\/api.w.org\/{rel}","templated":true}]}}