{"id":84862,"date":"2011-09-01T15:13:57","date_gmt":"2011-09-01T14:13:57","guid":{"rendered":"http:\/\/www.cronacaonline.it\/public\/content\/index.php\/01\/09\/2011\/stintino-tutto-pronto-per-la-festa-patronale-ricco-programma-di-eventi-spettacoli-e-ospiti-deccezione"},"modified":"2011-09-01T15:13:57","modified_gmt":"2011-09-01T14:13:57","slug":"stintino-tutto-pronto-per-la-festa-patronale-ricco-programma-di-eventi-spettacoli-e-ospiti-deccezione","status":"publish","type":"post","link":"https:\/\/www.cronacaonline.it\/index.php\/2011\/09\/01\/stintino-tutto-pronto-per-la-festa-patronale-ricco-programma-di-eventi-spettacoli-e-ospiti-deccezione\/","title":{"rendered":"Stintino, tutto pronto per la festa patronale: Ricco programma di eventi, spettacoli e ospiti d\u2019eccezione."},"content":{"rendered":"<p><FONT face=\"\">Sei giorni di festeggiamenti, da marted\u00ec <st1:metricconverter w:st=\"on\" ProductID=\"6 a\">6 a<\/st1:metricconverter> domenica 11 settembre. Stintino si prepara alla festa in onore del patrono del paese, <st1:PersonName w:st=\"on\" ProductID=\"la Beata Vergine\"><st1:PersonName w:st=\"on\" ProductID=\"la Beata\">la Beata<\/st1:PersonName> Vergine<\/st1:PersonName> della Difesa. E quest\u2019anno il calendario della manifestazione \u201cSettembre stintinese\u201d, preparato dal comitato per i festeggiamenti guidato dal priore Antonio Denegri in collaborazione con il Comune, \u00e8 ricco di eventi e ospiti di eccezione, tra questi la \u201cFanfara Citt\u00e0 dei Mille\u201d di Bergamo e <st1:PersonName w:st=\"on\" ProductID=\"la Confraternita Santa\"><st1:PersonName w:st=\"on\" ProductID=\"la Confraternita\">la Confraternita<\/st1:PersonName> Santa<\/st1:PersonName> Croce di Bastia.<\/FONT><\/p>\n<p><FONT face=\"\">&nbsp;<\/FONT><\/p>\n<p><FONT face=\"\">Ad aprire i festeggiamenti, il 6 settembre alle 22, sar\u00e0 proprio uno di questi ospiti: alla fine di via Sassari, all\u2019incrocio con lungomare Colombo, si esibir\u00e0 la \u201cFanfara Citt\u00e0 dei Mille\u201d di Bergamo. 40 componenti, vestiti con la tradizionale giubba garibaldina (da Bergamo part\u00ec il contingente pi\u00f9 numeroso per <st1:PersonName w:st=\"on\" ProductID=\"la Spedizione\">la Spedizione<\/st1:PersonName> dei Mille guidata da Giuseppe Garibaldi), terranno il concerto inaugurale sotto la direzione del maestro Luca Ponti. <\/FONT><\/p>\n<p><FONT face=\"\">&nbsp;<\/FONT><\/p>\n<p><FONT face=\"\">Mercoled\u00ec 7 largo Cala d\u2019Oliva ospiter\u00e0 la corsa coi sacchi e alle 18,30 sar\u00e0 celebrata la santa messa preceduta dai vespri solenni. Alle 20 <st1:PersonName w:st=\"on\" ProductID=\"la Fanfara Citt\u00e0\"><st1:PersonName w:st=\"on\" ProductID=\"la Fanfara\">la Fanfara<\/st1:PersonName> Citt\u00e0<\/st1:PersonName> dei Mille riproporr\u00e0 il concerto, questa volta sulla piazza della chiesa a Pozzo San Nicola. A Stintino, invece, alle <st1:metricconverter w:st=\"on\" ProductID=\"21,30 in\">21,30 in<\/st1:metricconverter> piazza dei 45 si terr\u00e0 la manifestazione Nuragica Tour con Ambra Pintore.<\/FONT><\/p>\n<p><FONT face=\"\">&nbsp;<\/FONT><\/p>\n<p><FONT face=\"\">L\u20198 settembre i festeggiamenti entreranno nel vivo e gli eventi pagani lasceranno spazio a quelli religiosi. La mattina, alle 8,30 e alle 10 sono in programma le sante messe in parrocchia. Quindi alle 16,15 il sindaco e la giunta accoglieranno gli ospiti all\u2019ingresso della Casa comunale. Quindi dopo il congiungimento con <st1:PersonName w:st=\"on\" ProductID=\"la Confraternita\">la Confraternita<\/st1:PersonName> della Beata Vergine, il corteo si diriger\u00e0 al monumento dei caduti per la deposizione della corona di fiori, l\u2019alzabandiera e l\u2019inno nazionale. Alle 17 inizier\u00e0 la santa messa<SPAN style=\"mso-spacerun: yes\">&nbsp; <\/SPAN>nella chiesa parrocchiale alla conclusione della quale il corteo delle autorit\u00e0 e dei fedeli si sposter\u00e0 al porto Minori, per l\u2019imbarco e la processione a mare. Alla processione \u00e8 prevista la partecipazione della Confraternita Santa Croce di Bastia con la quale quella stintinese, il 1\u00b0 giugno scorso, ha stretto un gemellaggio. \u00c8 prevista anche la presenza della rappresentanza della municipalit\u00e0 di Bastia, del sindaco di Porto Torres e delle autorit\u00e0 civili e militari. Quando l\u2019imbarcazione \u201cFortunato\u201d ritorner\u00e0 in porto per lo sbarco del simulacro della Beata Vergine della Difesa, verso le 19,30, i fedeli faranno ritorno in chiesa per la conclusione della messa.<\/FONT><\/p>\n<p><FONT face=\"\">Alle 20, nella casa della Confraternita, si terr\u00e0 il rinfresco offerto dal priore e sar\u00e0 anche l\u2019occasione per una esibizione della Banda Canepa e della Fanfara di Bergamo. Alle 21,30 sar\u00e0 la volta dello spettacolo pirotecnico e musicale alla diga foranea che il pubblico potr\u00e0 ammirare dal lungomare Colombo. Alle <st1:metricconverter w:st=\"on\" ProductID=\"22, in\">22, in<\/st1:metricconverter> piazza dei 45, arriveranno i Collage per un concerto live. Alle 24 infine, sempre nella piazza dei 45, sar\u00e0 la volta dello spettacolo delle fontane danzanti \u201cAcqua e fuoco\u201d.<\/FONT><\/p>\n<p><FONT face=\"\">&nbsp;<\/FONT><\/p>\n<p><FONT face=\"\">Venerd\u00ec 9 alle 12 si svolger\u00e0 invece il palio remiero e alle 15 i ragazzi potranno divertirsi in largo Cala d\u2019Oliva con giochi a loro dedicati.. Alle 18 la santa messa e alle 21 il concerto della Banda Canepa in piazza Berlinguer. Alle 22 piazza dei 45 ospiter\u00e0 il concerto \u201c<st1:PersonName w:st=\"on\" ProductID=\"La Compagnia\">La Compagnia<\/st1:PersonName>\u201d con ospiti Le Village Girls.<\/FONT><\/p>\n<p><FONT face=\"\">&nbsp;<\/FONT><\/p>\n<p><FONT face=\"\">Sabato 10 gli appuntamenti inizieranno alle 11 al molo del porto Minori con l\u2019albero della cuccagna. Alle 19 invece piazza dei 45 ospiter\u00e0 la consueta sagra del pesce e, dopo le premiazioni delle gare svolte durante la settimana, alle 22 si terr\u00e0 il concerto di Beppe Dettori e Pago. A seguire lo spettacolo del comico Bruschetta di Zelig e Colorado.<\/FONT><\/p>\n<p><FONT face=\"\">&nbsp;<\/FONT><\/p>\n<p><FONT face=\"\">La giornata conclusiva di domenica 11 settembre inizier\u00e0 alle ore 14 con le elezioni del nuovo obriere che, dopo la messa delle 18 e la processione per le vie del paese, ricever\u00e0 la bandiera dal priore uscente. Alle 19,30 quindi il rinfresco<SPAN style=\"mso-spacerun: yes\">&nbsp; <\/SPAN>alla casa della Confraternita e alle 21,30, in piazza dei 45, si esibir\u00e0 l\u2019orchestra spettacoli \u201c<st1:PersonName w:st=\"on\" ProductID=\"La Romagna\">La Romagna<\/st1:PersonName>\u201d.<\/FONT><\/p>\n","protected":false},"excerpt":{"rendered":"<p>Sei giorni di festeggiamenti, da marted\u00ec 6 a domenica 11 settembre. Stintino si prepara alla festa in onore del patrono del paese, la Beata Vergine&#8230;<\/p>\n","protected":false},"author":2,"featured_media":0,"comment_status":"closed","ping_status":"closed","sticky":false,"template":"","format":"standard","meta":[],"categories":[49],"tags":[],"_links":{"self":[{"href":"https:\/\/www.cronacaonline.it\/index.php\/wp-json\/wp\/v2\/posts\/84862"}],"collection":[{"href":"https:\/\/www.cronacaonline.it\/index.php\/wp-json\/wp\/v2\/posts"}],"about":[{"href":"https:\/\/www.cronacaonline.it\/index.php\/wp-json\/wp\/v2\/types\/post"}],"author":[{"embeddable":true,"href":"https:\/\/www.cronacaonline.it\/index.php\/wp-json\/wp\/v2\/users\/2"}],"replies":[{"embeddable":true,"href":"https:\/\/www.cronacaonline.it\/index.php\/wp-json\/wp\/v2\/comments?post=84862"}],"version-history":[{"count":0,"href":"https:\/\/www.cronacaonline.it\/index.php\/wp-json\/wp\/v2\/posts\/84862\/revisions"}],"wp:attachment":[{"href":"https:\/\/www.cronacaonline.it\/index.php\/wp-json\/wp\/v2\/media?parent=84862"}],"wp:term":[{"taxonomy":"category","embeddable":true,"href":"https:\/\/www.cronacaonline.it\/index.php\/wp-json\/wp\/v2\/categories?post=84862"},{"taxonomy":"post_tag","embeddable":true,"href":"https:\/\/www.cronacaonline.it\/index.php\/wp-json\/wp\/v2\/tags?post=84862"}],"curies":[{"name":"wp","href":"https:\/\/api.w.org\/{rel}","templated":true}]}}