{"id":84792,"date":"2011-08-10T15:13:57","date_gmt":"2011-08-10T14:13:57","guid":{"rendered":"http:\/\/www.cronacaonline.it\/public\/content\/index.php\/10\/08\/2011\/consiglio-regionale-sardegna-mozione-144-gian-valerio-sanna-pd-la-nomina-del-sindaco-di-oristano-e-un-atto-che-rende-nulla-la-giunta"},"modified":"2011-08-10T15:13:57","modified_gmt":"2011-08-10T14:13:57","slug":"consiglio-regionale-sardegna-mozione-144-gian-valerio-sanna-pd-la-nomina-del-sindaco-di-oristano-e-un-atto-che-rende-nulla-la-giunta","status":"publish","type":"post","link":"https:\/\/www.cronacaonline.it\/index.php\/2011\/08\/10\/consiglio-regionale-sardegna-mozione-144-gian-valerio-sanna-pd-la-nomina-del-sindaco-di-oristano-e-un-atto-che-rende-nulla-la-giunta\/","title":{"rendered":"Consiglio regionale Sardegna: Mozione 144, Gian Valerio Sanna (Pd), la nomina del sindaco di Oristano \u00e8 un atto che rende nulla la Giunta."},"content":{"rendered":"<p><SPAN style=\"FONT-FAMILY: 'Verdana', 'sans-serif'; BACKGROUND: white; FONT-SIZE: 11pt\">Gian Valerio Sanna (Pd), intervenendo sulla mozione 144, ha attaccato il presidente Cappellacci, che ha lasciato l<\/SPAN><SPAN style=\"FONT-FAMILY: 'Verdana', 'sans-serif'; BACKGROUND: white; FONT-SIZE: 11pt; mso-bidi-font-family: Verdana\">\u2019<\/SPAN><SPAN style=\"FONT-FAMILY: 'Verdana', 'sans-serif'; BACKGROUND: white; FONT-SIZE: 11pt\">aula per tutto il tempo a disposizione dell<\/SPAN><SPAN style=\"FONT-FAMILY: 'Verdana', 'sans-serif'; BACKGROUND: white; FONT-SIZE: 11pt; mso-bidi-font-family: Verdana\">\u2019<\/SPAN><SPAN style=\"FONT-FAMILY: 'Verdana', 'sans-serif'; BACKGROUND: white; FONT-SIZE: 11pt\">esponente dell<\/SPAN><SPAN style=\"FONT-FAMILY: 'Verdana', 'sans-serif'; BACKGROUND: white; FONT-SIZE: 11pt; mso-bidi-font-family: Verdana\">\u2019<\/SPAN><SPAN style=\"FONT-FAMILY: 'Verdana', 'sans-serif'; BACKGROUND: white; FONT-SIZE: 11pt\">opposizione.&nbsp;Sanna ha evidenziato come secondo lo Statuto non sia corretta la nomina del sindaco di Oristano ad assessore ai Lavori pubblici: E<\/SPAN><SPAN style=\"FONT-FAMILY: 'Verdana', 'sans-serif'; BACKGROUND: white; FONT-SIZE: 11pt; mso-bidi-font-family: Verdana\"> <\/SPAN><SPAN style=\"FONT-FAMILY: 'Verdana', 'sans-serif'; BACKGROUND: white; FONT-SIZE: 11pt\">un atto che rende nulla la giunta. Un atto che ha indotto un sindaco in carica a mandare in crisi un<\/SPAN><SPAN style=\"FONT-FAMILY: 'Verdana', 'sans-serif'; BACKGROUND: white; FONT-SIZE: 11pt; mso-bidi-font-family: Verdana\">\u2019<\/SPAN><SPAN style=\"FONT-FAMILY: 'Verdana', 'sans-serif'; BACKGROUND: white; FONT-SIZE: 11pt\">Amministrazione.<\/SPAN><\/p>\n<p><SPAN style=\"FONT-FAMILY: 'Verdana', 'sans-serif'; BACKGROUND: white; FONT-SIZE: 11pt\">L<\/SPAN><SPAN style=\"FONT-FAMILY: 'Verdana', 'sans-serif'; BACKGROUND: white; FONT-SIZE: 11pt; mso-bidi-font-family: Verdana\">\u2019<\/SPAN><SPAN style=\"FONT-FAMILY: 'Verdana', 'sans-serif'; BACKGROUND: white; FONT-SIZE: 11pt\">esponente del Pd ha sottolineato come fuori dal palazzo del Consiglio regionale c<\/SPAN><SPAN style=\"FONT-FAMILY: 'Verdana', 'sans-serif'; BACKGROUND: white; FONT-SIZE: 11pt; mso-bidi-font-family: Verdana\">\u2019\u00e8<\/SPAN><SPAN style=\"FONT-FAMILY: 'Verdana', 'sans-serif'; BACKGROUND: white; FONT-SIZE: 11pt\"> una povert\u00e0 crescente tra i sardi.<\/SPAN><\/p>\n<p><SPAN style=\"FONT-FAMILY: 'Verdana', 'sans-serif'; BACKGROUND: white; FONT-SIZE: 11pt\">Pietro Pittalis (Pdl) ha difeso l<\/SPAN><SPAN style=\"FONT-FAMILY: 'Verdana', 'sans-serif'; BACKGROUND: white; FONT-SIZE: 11pt; mso-bidi-font-family: Verdana\">\u2019<\/SPAN><SPAN style=\"FONT-FAMILY: 'Verdana', 'sans-serif'; BACKGROUND: white; FONT-SIZE: 11pt\">operato del presidente Cappellacci, criticando le offese gratuite e poi ha giudicato la mozione irresponsabile: Nessuno si pu\u00f2 ergere a dare giudizi sull<\/SPAN><SPAN style=\"FONT-FAMILY: 'Verdana', 'sans-serif'; BACKGROUND: white; FONT-SIZE: 11pt; mso-bidi-font-family: Verdana\">\u2019<\/SPAN><SPAN style=\"FONT-FAMILY: 'Verdana', 'sans-serif'; BACKGROUND: white; FONT-SIZE: 11pt\">adeguatezza degli assessori nominati, n\u00e9 sulla collega De Francisci, n\u00e9 sulla collega Zedda. Il giudizio lo hanno dato gli elettori. Pittalis ha aggiunto che sarebbe stato pi\u00f9 utile&nbsp;<A href=\"javascript:mails_addtocal(1,%22oggi%22);\"><SPAN style=\"COLOR: #ff8000\">oggi<\/SPAN><\/A>&nbsp;aprire un dibattito sulle opportunit\u00e0 di sviluppo e di crescita per la Sardegna.<\/SPAN><\/p>\n<p><SPAN style=\"FONT-FAMILY: 'Verdana', 'sans-serif'; BACKGROUND: white; FONT-SIZE: 11pt\">Roberto Capelli (Gruppo Misto) ha evidenziato come qui non mi sembra che ci sia nessuna aria di battaglia n\u00e9 alcuna difficolt\u00e0 per la Giunta in seguito a questa mozione. Perch\u00e9 c<\/SPAN><SPAN style=\"FONT-FAMILY: 'Verdana', 'sans-serif'; BACKGROUND: white; FONT-SIZE: 11pt; mso-bidi-font-family: Verdana\">\u2019\u00e8<\/SPAN><SPAN style=\"FONT-FAMILY: 'Verdana', 'sans-serif'; BACKGROUND: white; FONT-SIZE: 11pt\"> la paura in quest<\/SPAN><SPAN style=\"FONT-FAMILY: 'Verdana', 'sans-serif'; BACKGROUND: white; FONT-SIZE: 11pt; mso-bidi-font-family: Verdana\">\u2019<\/SPAN><SPAN style=\"FONT-FAMILY: 'Verdana', 'sans-serif'; BACKGROUND: white; FONT-SIZE: 11pt\">aula di andare a casa. C<\/SPAN><SPAN style=\"FONT-FAMILY: 'Verdana', 'sans-serif'; BACKGROUND: white; FONT-SIZE: 11pt; mso-bidi-font-family: Verdana\">\u2019\u00e8<\/SPAN><SPAN style=\"FONT-FAMILY: 'Verdana', 'sans-serif'; BACKGROUND: white; FONT-SIZE: 11pt\"> una totale sfiducia nella Giunta e in lei, presidente, ma c<\/SPAN><SPAN style=\"FONT-FAMILY: 'Verdana', 'sans-serif'; BACKGROUND: white; FONT-SIZE: 11pt; mso-bidi-font-family: Verdana\">\u2019\u00e8<\/SPAN><SPAN style=\"FONT-FAMILY: 'Verdana', 'sans-serif'; BACKGROUND: white; FONT-SIZE: 11pt\"> una costante che ci accomuna: non possiamo andare a elezioni perch\u00e9 non vogliamo perdere alcuni privilegi. Poi ha si \u00e8 rivolto al presidente chiedendogli di far dimenticare gli ultimi due anni e mezzo e all<\/SPAN><SPAN style=\"FONT-FAMILY: 'Verdana', 'sans-serif'; BACKGROUND: white; FONT-SIZE: 11pt; mso-bidi-font-family: Verdana\">\u2019<\/SPAN><SPAN style=\"FONT-FAMILY: 'Verdana', 'sans-serif'; BACKGROUND: white; FONT-SIZE: 11pt\">assessore De Francisci ha garantito&nbsp;&nbsp;il suo appoggio se canceller\u00e0 cinque Asl su otto, un risparmio che vale quanto il ticket sanitario.<\/SPAN><\/p>\n","protected":false},"excerpt":{"rendered":"<p>Gian Valerio Sanna (Pd), intervenendo sulla mozione 144, ha attaccato il presidente Cappellacci, che ha lasciato l\u2019aula per tutto il tempo a disposizione dell\u2019esponente dell\u2019opposizione.&nbsp;Sanna&#8230;<\/p>\n","protected":false},"author":2,"featured_media":0,"comment_status":"closed","ping_status":"closed","sticky":false,"template":"","format":"standard","meta":[],"categories":[49],"tags":[],"_links":{"self":[{"href":"https:\/\/www.cronacaonline.it\/index.php\/wp-json\/wp\/v2\/posts\/84792"}],"collection":[{"href":"https:\/\/www.cronacaonline.it\/index.php\/wp-json\/wp\/v2\/posts"}],"about":[{"href":"https:\/\/www.cronacaonline.it\/index.php\/wp-json\/wp\/v2\/types\/post"}],"author":[{"embeddable":true,"href":"https:\/\/www.cronacaonline.it\/index.php\/wp-json\/wp\/v2\/users\/2"}],"replies":[{"embeddable":true,"href":"https:\/\/www.cronacaonline.it\/index.php\/wp-json\/wp\/v2\/comments?post=84792"}],"version-history":[{"count":0,"href":"https:\/\/www.cronacaonline.it\/index.php\/wp-json\/wp\/v2\/posts\/84792\/revisions"}],"wp:attachment":[{"href":"https:\/\/www.cronacaonline.it\/index.php\/wp-json\/wp\/v2\/media?parent=84792"}],"wp:term":[{"taxonomy":"category","embeddable":true,"href":"https:\/\/www.cronacaonline.it\/index.php\/wp-json\/wp\/v2\/categories?post=84792"},{"taxonomy":"post_tag","embeddable":true,"href":"https:\/\/www.cronacaonline.it\/index.php\/wp-json\/wp\/v2\/tags?post=84792"}],"curies":[{"name":"wp","href":"https:\/\/api.w.org\/{rel}","templated":true}]}}