{"id":84781,"date":"2011-08-09T15:13:57","date_gmt":"2011-08-09T14:13:57","guid":{"rendered":"http:\/\/www.cronacaonline.it\/public\/content\/index.php\/09\/08\/2011\/registro-unioni-civili-cagliari-sdr-in-consiglio-regionale-pdl-dal-2006"},"modified":"2011-08-09T15:13:57","modified_gmt":"2011-08-09T14:13:57","slug":"registro-unioni-civili-cagliari-sdr-in-consiglio-regionale-pdl-dal-2006","status":"publish","type":"post","link":"https:\/\/www.cronacaonline.it\/index.php\/2011\/08\/09\/registro-unioni-civili-cagliari-sdr-in-consiglio-regionale-pdl-dal-2006\/","title":{"rendered":"Registro unioni civili Cagliari: Sdr, in consiglio regionale pdl dal 2006"},"content":{"rendered":"<p><SPAN style=\"FONT-FAMILY: 'Verdana', 'sans-serif'; BACKGROUND: white; COLOR: black\">\u201cQuando si parla di registro delle unioni civili l\u2019immaginazione corre subito ai matrimoni gay. Si deve invece pensare alle persone, anche eterosessuali, che non possono sposarsi per diverse ragioni o a coppie omosessuali con l\u2019unico scopo di aiutarsi e soccorrersi nella vecchiaia. La convivenza, per esempio, non garantisce la possibilit\u00e0 di avere informazioni sulla salute della persona con cui si condivide la vita e questo \u00e8 un limite irragionevole. In Consiglio regionale giace fin dal 2006 una proposta di legge. Occorre ripresentarla. Cos\u00ec i registri comunali possono contare su una cornice di uniformit\u00e0\u201d. Lo afferma Maria Grazia Caligaris, presidente dell\u2019associazione \u201cSocialismo Diritti Riforme\u201d che proprio nel&nbsp;2006 in&nbsp;una manifestazione pubblica sotto il Municipio di Cagliari aveva provocatoriamente messo l\u2019accento con l\u2019iscrizione nel registro delle unioni civili di tre coppie di giovani eterosessuali sulla necessit\u00e0 di dotarsi di uno strumento a sostegno dei nuclei familiari diversi da quelli tradizionali.<\/SPAN><SPAN style=\"FONT-FAMILY: 'Verdana', 'sans-serif'; BACKGROUND: white; COLOR: black; FONT-SIZE: 8.5pt\"><\/SPAN><\/p>\n<p><SPAN style=\"FONT-FAMILY: 'Verdana', 'sans-serif'; BACKGROUND: white; COLOR: black\">\u201cLe polemiche sull\u2019istituzione del registro a Cagliari \u2013 sottolinea Caligaris \u2013 sono indice di scarsa conoscenza dei veri problemi dei cittadini rispetto alle questioni pratiche della convivenza senza vincolo matrimoniale. La scelta di sposarsi \u00e8 anche limitata dalle condizioni economiche e molte giovani coppie vi rinunciano perch\u00e9 il lavoro precario non consente loro di affrontare spese extra. Ci\u00f2 nonostante la loro unione di fatto \u00e8 un dato concreto\u201d.<\/SPAN><SPAN style=\"FONT-FAMILY: 'Verdana', 'sans-serif'; BACKGROUND: white; COLOR: black; FONT-SIZE: 8.5pt\"><\/SPAN><\/p>\n<p><SPAN style=\"FONT-FAMILY: 'Verdana', 'sans-serif'; BACKGROUND: white; COLOR: black\">\u201cE\u2019 assurdo \u2013 conclude la presidente di SDR \u2013 che si contrappongano i diritti derivanti dall\u2019iscrizione nel Registro delle unioni civili a quelle delle famiglie unite in matrimonio. Ampliare le prerogative non significa toglierle ad altri. Significa invece offrire maggiori opportunit\u00e0 a coniugi in attesa di divorzio che hanno un nuovo stabile rapporto di coppia, a vedove o anziani che temono di perdere la pensione di reversibilit\u00e0, a coppie dello stesso sesso o di diverso sesso che decidono di vivere insieme per dividere le spese e combattere la solitudine. Le polemiche non aiutano a crescere nei diritti ma solo a frenare le risposte alle esigenze della nostra societ\u00e0\u201d. Red<\/SPAN><\/p>\n","protected":false},"excerpt":{"rendered":"<p>\u201cQuando si parla di registro delle unioni civili l\u2019immaginazione corre subito ai matrimoni gay. Si deve invece pensare alle persone, anche eterosessuali, che non possono&#8230;<\/p>\n","protected":false},"author":2,"featured_media":0,"comment_status":"closed","ping_status":"closed","sticky":false,"template":"","format":"standard","meta":[],"categories":[49],"tags":[],"_links":{"self":[{"href":"https:\/\/www.cronacaonline.it\/index.php\/wp-json\/wp\/v2\/posts\/84781"}],"collection":[{"href":"https:\/\/www.cronacaonline.it\/index.php\/wp-json\/wp\/v2\/posts"}],"about":[{"href":"https:\/\/www.cronacaonline.it\/index.php\/wp-json\/wp\/v2\/types\/post"}],"author":[{"embeddable":true,"href":"https:\/\/www.cronacaonline.it\/index.php\/wp-json\/wp\/v2\/users\/2"}],"replies":[{"embeddable":true,"href":"https:\/\/www.cronacaonline.it\/index.php\/wp-json\/wp\/v2\/comments?post=84781"}],"version-history":[{"count":0,"href":"https:\/\/www.cronacaonline.it\/index.php\/wp-json\/wp\/v2\/posts\/84781\/revisions"}],"wp:attachment":[{"href":"https:\/\/www.cronacaonline.it\/index.php\/wp-json\/wp\/v2\/media?parent=84781"}],"wp:term":[{"taxonomy":"category","embeddable":true,"href":"https:\/\/www.cronacaonline.it\/index.php\/wp-json\/wp\/v2\/categories?post=84781"},{"taxonomy":"post_tag","embeddable":true,"href":"https:\/\/www.cronacaonline.it\/index.php\/wp-json\/wp\/v2\/tags?post=84781"}],"curies":[{"name":"wp","href":"https:\/\/api.w.org\/{rel}","templated":true}]}}