{"id":84769,"date":"2011-08-09T15:13:57","date_gmt":"2011-08-09T14:13:57","guid":{"rendered":"http:\/\/www.cronacaonline.it\/public\/content\/index.php\/09\/08\/2011\/le-elementari-di-isticadeddu-si-trasformano-in-una-colonia-per-disabili"},"modified":"2011-08-09T15:13:57","modified_gmt":"2011-08-09T14:13:57","slug":"le-elementari-di-isticadeddu-si-trasformano-in-una-colonia-per-disabili","status":"publish","type":"post","link":"https:\/\/www.cronacaonline.it\/index.php\/2011\/08\/09\/le-elementari-di-isticadeddu-si-trasformano-in-una-colonia-per-disabili\/","title":{"rendered":"Le elementari di Isticadeddu si trasformano in una Colonia per disabili"},"content":{"rendered":"<p><SPAN style=\"mso-fareast-font-family: Calibri; mso-fareast-theme-font: minor-latin; mso-fareast-language: EN-US\"><FONT face=\"\">Ha preso il via ieri la colonia estiva per disabili, organizzata dai volontari dell\u2019Oftal e di Villa Chiara, che hanno trasformato le scuole elementari di Isticadeddu in colonia per ospiti speciali. Per un centinaio di disabili provenienti da tutta la Sardegna si preannunciano 8 giorni di divertimento, svago e vita di gruppo.<\/FONT><\/SPAN><\/p>\n<p><FONT face=\"\"><SPAN style=\"COLOR: red; mso-fareast-font-family: Calibri; mso-fareast-theme-font: minor-latin; mso-fareast-language: EN-US\">Da ieri e sino a marted\u00ec 16 agosto<\/SPAN><SPAN style=\"FONT-FAMILY: Times-Roman; mso-fareast-font-family: Calibri; mso-fareast-theme-font: minor-latin; mso-bidi-font-family: Times-Roman; mso-fareast-language: EN-US\">, la scuola elementare di Isticadeddu, in via Vittorio Veneto a Olbia, si trasformeranno in una colonia per disabili: come ogni anno l\u2019Organizzazione Federativa Trasporto Ammalati Lourdes (Oftal) e i volontari dell\u2019Associazione Villa Chiara, trasformeranno le classi dell\u2019istituto olbiese in una colonia, con tanto di sala mensa, cucina da campo, area svago e confortevoli camere da letto: sono 150 i posti letto ricavati all\u2019interno delle classi.<\/SPAN><\/FONT><\/p>\n<p><SPAN style=\"FONT-FAMILY: Times-Roman; mso-fareast-font-family: Calibri; mso-fareast-theme-font: minor-latin; mso-bidi-font-family: Times-Roman; mso-fareast-language: EN-US\"><FONT face=\"\">I volontari olbiesi hanno stilato anche per quest\u2019anno un programma impegnativo che vedr\u00e0 coinvolti, tra disabili e accompagnatori, circa 200 persone che saranno impegnate dalla mattina prestissimo sino a tarda sera.<\/FONT><\/SPAN><\/p>\n<p><SPAN style=\"FONT-FAMILY: Times-Roman; mso-fareast-font-family: Calibri; mso-fareast-theme-font: minor-latin; mso-bidi-font-family: Times-Roman; mso-fareast-language: EN-US\"><FONT face=\"\">La sveglia \u00e8 prevista tra le 7.00 e le 7.30, dopo una buona colazione, il gruppo si prepara per andare al mare, localit\u00e0 Pittulongu, fronte Trattoria Rossi; per evitare le ore pi\u00f9 calde a mezzogiorno si rientra in colonia, e dopo una bella doccia, si pranza tutti insieme nell\u2019area mensa. Nel pomeriggio sono poi in programma la pennichella, la merenda e intorno alle 19.00 la Santa Messa.<\/FONT><\/SPAN><\/p>\n<p><SPAN style=\"FONT-FAMILY: Times-Roman; mso-fareast-font-family: Calibri; mso-fareast-theme-font: minor-latin; mso-bidi-font-family: Times-Roman; mso-fareast-language: EN-US\"><FONT face=\"\">L\u2019animazione serale prender\u00e0 il via verso le 21.30, subito dopo la cena.<\/FONT><\/SPAN><\/p>\n<p><FONT face=\"\"><SPAN style=\"mso-fareast-font-family: Calibri; mso-fareast-theme-font: minor-latin; mso-fareast-language: EN-US\">Il programma delle serata Stasera, Marted\u00ec 9 agosto <\/SPAN><SPAN style=\"FONT-FAMILY: Times-Roman; mso-fareast-font-family: Calibri; mso-fareast-theme-font: minor-latin; mso-bidi-font-family: Times-Roman; mso-fareast-language: EN-US\">\u00e8 in programma una <\/SPAN><I><SPAN style=\"FONT-FAMILY: Times-Italic; mso-fareast-font-family: Calibri; mso-fareast-theme-font: minor-latin; mso-bidi-font-family: Times-Italic; mso-fareast-language: EN-US\">commedia in dialetto gallurese <\/SPAN><\/I><SPAN style=\"FONT-FAMILY: Times-Roman; mso-fareast-font-family: Calibri; mso-fareast-theme-font: minor-latin; mso-bidi-font-family: Times-Roman; mso-fareast-language: EN-US\">della compagnia teatrale di Telti; <\/SPAN><SPAN style=\"mso-fareast-font-family: Calibri; mso-fareast-theme-font: minor-latin; mso-fareast-language: EN-US\">mercoled\u00ec 10 <\/SPAN><SPAN style=\"FONT-FAMILY: Times-Roman; mso-fareast-font-family: Calibri; mso-fareast-theme-font: minor-latin; mso-bidi-font-family: Times-Roman; mso-fareast-language: EN-US\">il concerto del <\/SPAN><I><SPAN style=\"FONT-FAMILY: Times-Italic; mso-fareast-font-family: Calibri; mso-fareast-theme-font: minor-latin; mso-bidi-font-family: Times-Italic; mso-fareast-language: EN-US\">gruppo Furrone<\/SPAN><\/I><SPAN style=\"FONT-FAMILY: Times-Roman; mso-fareast-font-family: Calibri; mso-fareast-theme-font: minor-latin; mso-bidi-font-family: Times-Roman; mso-fareast-language: EN-US\">; <\/SPAN><\/FONT><FONT face=\"\"><SPAN style=\"mso-fareast-font-family: Calibri; mso-fareast-theme-font: minor-latin; mso-fareast-language: EN-US\">gioved\u00ec 11 <\/SPAN><SPAN style=\"FONT-FAMILY: Times-Roman; mso-fareast-font-family: Calibri; mso-fareast-theme-font: minor-latin; mso-bidi-font-family: Times-Roman; mso-fareast-language: EN-US\">l\u2019esibizione dei <\/SPAN><I><SPAN style=\"FONT-FAMILY: Times-Italic; mso-fareast-font-family: Calibri; mso-fareast-theme-font: minor-latin; mso-bidi-font-family: Times-Italic; mso-fareast-language: EN-US\">Falchi Musicanti<\/SPAN><\/I><SPAN style=\"FONT-FAMILY: Times-Roman; mso-fareast-font-family: Calibri; mso-fareast-theme-font: minor-latin; mso-bidi-font-family: Times-Roman; mso-fareast-language: EN-US\">; <\/SPAN><SPAN style=\"mso-fareast-font-family: Calibri; mso-fareast-theme-font: minor-latin; mso-fareast-language: EN-US\">venerd\u00ec 12 <\/SPAN><SPAN style=\"FONT-FAMILY: Times-Roman; mso-fareast-font-family: Calibri; mso-fareast-theme-font: minor-latin; mso-bidi-font-family: Times-Roman; mso-fareast-language: EN-US\">il <\/SPAN><I><SPAN style=\"FONT-FAMILY: Times-Italic; mso-fareast-font-family: Calibri; mso-fareast-theme-font: minor-latin; mso-bidi-font-family: Times-Italic; mso-fareast-language: EN-US\">Gruppo Zero<\/SPAN><\/I><SPAN style=\"FONT-FAMILY: Times-Roman; mso-fareast-font-family: Calibri; mso-fareast-theme-font: minor-latin; mso-bidi-font-family: Times-Roman; mso-fareast-language: EN-US\">; <\/SPAN><SPAN style=\"mso-fareast-font-family: Calibri; mso-fareast-theme-font: minor-latin; mso-fareast-language: EN-US\">sabato 13 <\/SPAN><SPAN style=\"FONT-FAMILY: Times-Roman; mso-fareast-font-family: Calibri; mso-fareast-theme-font: minor-latin; mso-bidi-font-family: Times-Roman; mso-fareast-language: EN-US\">la <\/SPAN><I><SPAN style=\"FONT-FAMILY: Times-Italic; mso-fareast-font-family: Calibri; mso-fareast-theme-font: minor-latin; mso-bidi-font-family: Times-Italic; mso-fareast-language: EN-US\">Corrida<\/SPAN><\/I><SPAN style=\"FONT-FAMILY: Times-Roman; mso-fareast-font-family: Calibri; mso-fareast-theme-font: minor-latin; mso-bidi-font-family: Times-Roman; mso-fareast-language: EN-US\">, con apertura a diverse specialit\u00e0 come il canto, il ballo, la recitazione.<\/SPAN><\/FONT><\/p>\n<p><FONT face=\"\"><SPAN style=\"FONT-FAMILY: Times-Roman; mso-fareast-font-family: Calibri; mso-fareast-theme-font: minor-latin; mso-bidi-font-family: Times-Roman; mso-fareast-language: EN-US\">Una <\/SPAN><I><SPAN style=\"FONT-FAMILY: Times-Italic; mso-fareast-font-family: Calibri; mso-fareast-theme-font: minor-latin; mso-bidi-font-family: Times-Italic; mso-fareast-language: EN-US\">sorpresa <\/SPAN><\/I><SPAN style=\"FONT-FAMILY: Times-Roman; mso-fareast-font-family: Calibri; mso-fareast-theme-font: minor-latin; mso-bidi-font-family: Times-Roman; mso-fareast-language: EN-US\">\u00e8 poi in programma per <\/SPAN><SPAN style=\"mso-fareast-font-family: Calibri; mso-fareast-theme-font: minor-latin; mso-fareast-language: EN-US\">domenica 14 agosto<\/SPAN><SPAN style=\"FONT-FAMILY: Times-Roman; mso-fareast-font-family: Calibri; mso-fareast-theme-font: minor-latin; mso-bidi-font-family: Times-Roman; mso-fareast-language: EN-US\">, mentre il <\/SPAN><SPAN style=\"mso-fareast-font-family: Calibri; mso-fareast-theme-font: minor-latin; mso-fareast-language: EN-US\">15 agosto<\/SPAN><SPAN style=\"FONT-FAMILY: Times-Roman; mso-fareast-font-family: Calibri; mso-fareast-theme-font: minor-latin; mso-bidi-font-family: Times-Roman; mso-fareast-language: EN-US\">, ultimo notte della Colonia, si terr\u00e0 il <\/SPAN><I><SPAN style=\"FONT-FAMILY: Times-Italic; mso-fareast-font-family: Calibri; mso-fareast-theme-font: minor-latin; mso-bidi-font-family: Times-Italic; mso-fareast-language: EN-US\">Karaoke<\/SPAN><\/I><SPAN style=\"FONT-FAMILY: Times-Roman; mso-fareast-font-family: Calibri; mso-fareast-theme-font: minor-latin; mso-bidi-font-family: Times-Roman; mso-fareast-language: EN-US\">.<\/SPAN><\/FONT><\/p>\n<p><SPAN style=\"FONT-FAMILY: Times-Roman; mso-fareast-font-family: Calibri; mso-fareast-theme-font: minor-latin; mso-bidi-font-family: Times-Roman; mso-fareast-language: EN-US\"><FONT face=\"\">Anche quest\u2019anno la colonia \u00e8 stata resa possibile grazie alla collaborazione dei volontari <\/FONT><\/SPAN><SPAN style=\"FONT-FAMILY: Times-Roman; mso-fareast-font-family: Calibri; mso-fareast-theme-font: minor-latin; mso-bidi-font-family: Times-Roman; mso-fareast-language: EN-US\"><FONT face=\"\">dell\u2019associazione Oftal e Villa Chiara, ma anche delle numerose persone, che, spinte da un profondo senso civico, hanno offerto volontariamente la propria disponibilit\u00e0 affinch\u00e9 disabili e i loro familiari potessero avere una settimana di leggerezza e di svago.<\/FONT><\/SPAN><\/p>\n<p><SPAN style=\"FONT-FAMILY: Times-Roman; mso-fareast-font-family: Calibri; mso-fareast-theme-font: minor-latin; mso-bidi-font-family: Times-Roman; mso-fareast-language: EN-US\"><FONT face=\"\">La colonia \u00e8 aperta: tutta la popolazione \u00e8 invitata a partecipare. Red-com<\/FONT><\/SPAN><\/p>\n","protected":false},"excerpt":{"rendered":"<p>Ha preso il via ieri la colonia estiva per disabili, organizzata dai volontari dell\u2019Oftal e di Villa Chiara, che hanno trasformato le scuole elementari di&#8230;<\/p>\n","protected":false},"author":2,"featured_media":0,"comment_status":"closed","ping_status":"closed","sticky":false,"template":"","format":"standard","meta":[],"categories":[49],"tags":[],"_links":{"self":[{"href":"https:\/\/www.cronacaonline.it\/index.php\/wp-json\/wp\/v2\/posts\/84769"}],"collection":[{"href":"https:\/\/www.cronacaonline.it\/index.php\/wp-json\/wp\/v2\/posts"}],"about":[{"href":"https:\/\/www.cronacaonline.it\/index.php\/wp-json\/wp\/v2\/types\/post"}],"author":[{"embeddable":true,"href":"https:\/\/www.cronacaonline.it\/index.php\/wp-json\/wp\/v2\/users\/2"}],"replies":[{"embeddable":true,"href":"https:\/\/www.cronacaonline.it\/index.php\/wp-json\/wp\/v2\/comments?post=84769"}],"version-history":[{"count":0,"href":"https:\/\/www.cronacaonline.it\/index.php\/wp-json\/wp\/v2\/posts\/84769\/revisions"}],"wp:attachment":[{"href":"https:\/\/www.cronacaonline.it\/index.php\/wp-json\/wp\/v2\/media?parent=84769"}],"wp:term":[{"taxonomy":"category","embeddable":true,"href":"https:\/\/www.cronacaonline.it\/index.php\/wp-json\/wp\/v2\/categories?post=84769"},{"taxonomy":"post_tag","embeddable":true,"href":"https:\/\/www.cronacaonline.it\/index.php\/wp-json\/wp\/v2\/tags?post=84769"}],"curies":[{"name":"wp","href":"https:\/\/api.w.org\/{rel}","templated":true}]}}