{"id":84732,"date":"2011-07-29T15:13:57","date_gmt":"2011-07-29T14:13:57","guid":{"rendered":"http:\/\/www.cronacaonline.it\/public\/content\/index.php\/29\/07\/2011\/europa-peggiora-dopo-pil-usa-milano--2"},"modified":"2011-07-29T15:13:57","modified_gmt":"2011-07-29T14:13:57","slug":"europa-peggiora-dopo-pil-usa-milano-2","status":"publish","type":"post","link":"https:\/\/www.cronacaonline.it\/index.php\/2011\/07\/29\/europa-peggiora-dopo-pil-usa-milano-2\/","title":{"rendered":"Europa peggiora dopo Pil Usa. Milano -2%"},"content":{"rendered":"<p>Ampliano il calo le principali borse europee dopo la diffusione del dato sul Pil trimestrale Usa, risultato inferiore alle attese degli analisti. Piazza Affari, fanalino di coda delle borse continentali, cede il 2%, cos\u00ec come Parigi, mentre Madrid lascia sul campo lo 0,91%, dopo essersi quasi riportata sulla parit\u00e0. Gi\u00f9 anche Amsterdam (-1,68%), mentre il calo di Francoforte supera di poco il punto percentuale.<SPAN class=Apple-converted-space>&nbsp;<\/SPAN><\/p>\n<p><SPAN class=Apple-converted-space><\/SPAN>L'economia Usa cresce dell'1,3% nel secondo trimestre, meno dell'atteso +1,8%. Il dato del primo trimestre&nbsp;\u00e8 stato rivisto al ribasso e il Pil avanza solo dello 0,4%, contro un iniziale +1,9%.<\/p>\n<p>Apertura in territorio negativo per Wall Street. Il Dow Jones perde lo 0,71% a 12.147,14 punti, il Nasdaq cede l'1,07% a 2.736,29 punti mentre lo S&amp;P 500 lascia sul terreno lo 0,68% a 1.291,85 punti.<\/p>\n","protected":false},"excerpt":{"rendered":"<p>Ampliano il calo le principali borse europee dopo la diffusione del dato sul Pil trimestrale Usa, risultato inferiore alle attese degli analisti. Piazza Affari, fanalino&#8230;<\/p>\n","protected":false},"author":2,"featured_media":0,"comment_status":"closed","ping_status":"closed","sticky":false,"template":"","format":"standard","meta":[],"categories":[49],"tags":[],"_links":{"self":[{"href":"https:\/\/www.cronacaonline.it\/index.php\/wp-json\/wp\/v2\/posts\/84732"}],"collection":[{"href":"https:\/\/www.cronacaonline.it\/index.php\/wp-json\/wp\/v2\/posts"}],"about":[{"href":"https:\/\/www.cronacaonline.it\/index.php\/wp-json\/wp\/v2\/types\/post"}],"author":[{"embeddable":true,"href":"https:\/\/www.cronacaonline.it\/index.php\/wp-json\/wp\/v2\/users\/2"}],"replies":[{"embeddable":true,"href":"https:\/\/www.cronacaonline.it\/index.php\/wp-json\/wp\/v2\/comments?post=84732"}],"version-history":[{"count":0,"href":"https:\/\/www.cronacaonline.it\/index.php\/wp-json\/wp\/v2\/posts\/84732\/revisions"}],"wp:attachment":[{"href":"https:\/\/www.cronacaonline.it\/index.php\/wp-json\/wp\/v2\/media?parent=84732"}],"wp:term":[{"taxonomy":"category","embeddable":true,"href":"https:\/\/www.cronacaonline.it\/index.php\/wp-json\/wp\/v2\/categories?post=84732"},{"taxonomy":"post_tag","embeddable":true,"href":"https:\/\/www.cronacaonline.it\/index.php\/wp-json\/wp\/v2\/tags?post=84732"}],"curies":[{"name":"wp","href":"https:\/\/api.w.org\/{rel}","templated":true}]}}