{"id":84682,"date":"2011-07-27T15:13:57","date_gmt":"2011-07-27T14:13:57","guid":{"rendered":"http:\/\/www.cronacaonline.it\/public\/content\/index.php\/27\/07\/2011\/prende-forma-la-ventiseiesima-edizione-del-premio-letterario-giuseppe-dessi-in-programma-a-villacidro-vs-dal-13-al-18-settembre"},"modified":"2011-07-27T15:13:57","modified_gmt":"2011-07-27T14:13:57","slug":"prende-forma-la-ventiseiesima-edizione-del-premio-letterario-giuseppe-dessi-in-programma-a-villacidro-vs-dal-13-al-18-settembre","status":"publish","type":"post","link":"https:\/\/www.cronacaonline.it\/index.php\/2011\/07\/27\/prende-forma-la-ventiseiesima-edizione-del-premio-letterario-giuseppe-dessi-in-programma-a-villacidro-vs-dal-13-al-18-settembre\/","title":{"rendered":"Prende forma la ventiseiesima edizione del premio letterario \u201cGiuseppe Dess\u00ec\u201d in programma a Villacidro (VS) dal 13 al 18 settembre."},"content":{"rendered":"<p><SPAN style=\"LINE-HEIGHT: 115%; FONT-FAMILY: 'Verdana', 'sans-serif'; COLOR: #222222; FONT-SIZE: 12pt; mso-fareast-language: IT\">Prende forma la ventiseiesima edizione del&nbsp;<\/SPAN><U><SPAN style=\"LINE-HEIGHT: 115%; FONT-FAMILY: 'Verdana', 'sans-serif'; COLOR: navy; FONT-SIZE: 8.5pt; mso-fareast-language: IT\"><a href=\"http:\/\/www.fondazionedessi.it\/\" target=\"_blank\" rel=\"noopener noreferrer\"><SPAN style=\"LINE-HEIGHT: 115%; COLOR: blue; FONT-SIZE: 12pt\">Premio \u201cGiuseppe Dess\u00ec\u201d<\/SPAN><\/A><\/SPAN><\/U><SPAN style=\"LINE-HEIGHT: 115%; FONT-FAMILY: 'Verdana', 'sans-serif'; COLOR: #222222; FONT-SIZE: 12pt; mso-fareast-language: IT\">, in programma&nbsp;dal 13 al 18 settembre&nbsp;a&nbsp;Villacidro, il paese del Medio Campidano in cui l'autore di \u201cPaese d\u2019Ombre\u201d&nbsp;trascorse la sua giovinezza e ambient\u00f2 il suo capolavoro&nbsp;(premio Strega nel&nbsp;<\/SPAN><U><SPAN style=\"LINE-HEIGHT: 115%; FONT-FAMILY: 'Verdana', 'sans-serif'; COLOR: navy; FONT-SIZE: 8.5pt; mso-fareast-language: IT\"><a href=\"http:\/\/mediatecaroma.archivioluce.com\/mediatecaRoma\/permalinkView\/2\/IL5000041335\/Italia_-_Il_premio_Strega_a_Giuseppe_Dess%25C3%25AC.html\" target=\"_blank\" rel=\"noopener noreferrer\"><SPAN style=\"LINE-HEIGHT: 115%; COLOR: blue; FONT-SIZE: 12pt\">1972<\/SPAN><\/A><\/SPAN><\/U><SPAN style=\"LINE-HEIGHT: 115%; FONT-FAMILY: 'Verdana', 'sans-serif'; COLOR: #222222; FONT-SIZE: 12pt; mso-fareast-language: IT\">).<\/SPAN><SPAN style=\"LINE-HEIGHT: 115%; FONT-FAMILY: 'Verdana', 'sans-serif'; FONT-SIZE: 8.5pt; mso-fareast-language: IT\">&nbsp;<\/SPAN><\/p>\n<p><SPAN style=\"LINE-HEIGHT: 115%; FONT-FAMILY: 'Verdana', 'sans-serif'; COLOR: #222222; FONT-SIZE: 12pt; mso-fareast-language: IT\">Il prestigioso concorso letterario nazionale, intitolato allo scrittore nato a Cagliari nel 1909 e scomparso a Roma nel 1977, ha concluso i suoi primi adempimenti. Scaduto il&nbsp;15 giugno&nbsp;il&nbsp;termine previsto dal bando dell'edizione 2011, \u00e8 partito il lavoro di selezione delle opere finaliste da parte della Giuria presieduta da&nbsp;Anna Dolfi&nbsp;(eminente italianista dell'\u2019Universit\u00e0 di Firenze e tra le massime studiose dessiane) e composta da&nbsp;Mario Baudino, Massimo Onofri, Stefano Salis, Giancarlo Pontiggia, Duilio Caocci, Evanghelia Stead, Giuseppe Langella&nbsp;oltre che dal presidente della Fondazione Dess\u00ec,&nbsp;Giuseppe Marras.&nbsp;<\/SPAN><\/p>\n<p><SPAN style=\"LINE-HEIGHT: 115%; FONT-FAMILY: 'Verdana', 'sans-serif'; COLOR: #222222; FONT-SIZE: 12pt; mso-fareast-language: IT\">Un lavoro intenso per i giurati, chiamati a individuare i finalisti delle due sezioni in cui si articola il concorso (narrativa e poesia), tra le&nbsp;456 opere pervenute&nbsp;(284&nbsp;per la narrativa e&nbsp;172&nbsp;per la poesia). Numeri che confermano, una volta di pi\u00f9, il prestigio e l\u2019autorevolezza di cui gode il Premio Dess\u00ec nel panorama letterario italiano. Non a caso anche in questa edizione si \u00e8 puntualmente rinnovata la massiccia partecipazione al concorso delle pi\u00f9 importanti case editrici italiane (Einaudi, Mondadori, Garzanti, Sellerio, Baldini &amp; Castoldi, Feltrinelli, Marsilio, Guanda, Adelphi, Longanesi), oltre ad altre realt\u00e0 emergenti, vivaci novit\u00e0 del panorama editoriale nazionale (tra gli altri E\/O, Jaca Book, Fazi, Il Maestrale, Minimum Fax, Elliot).&nbsp;<\/SPAN><\/p>\n<p><SPAN style=\"LINE-HEIGHT: 115%; FONT-FAMILY: 'Verdana', 'sans-serif'; COLOR: #222222; FONT-SIZE: 12pt; mso-fareast-language: IT\">Basta scorrere l\u2019albo d\u2019oro del concorso per notare come, in 25 anni, sia passata per il Premio Dess\u00ec una parte importante della cultura italiana: tra i vincitori delle scorse edizioni figurano infatti scrittori come Sandro Petroni, Nico Orengo, Laura Pariani, Salvatore Mannuzzu, Marcello Fois, Michela Murgia, Francesco M. Cataluccio, poeti del calibro di Elio Pecora, Maria Luisa Spaziani, Giancarlo Pontiggia, Alda Merini e \u2013 attraverso la sezione del Premio Speciale della Giuria - giornalisti, attori, intellettuali, politici e personalit\u00e0 di spicco della cultura italiana come Luigi Pintor, Sergio Zavoli, Alberto Bevilaqua, Arnoldo Fo\u00e0, il presidente emerito della Repubblica Francesco Cossiga, il leader radicale Marco Pannella e il giornalista Piero Angela.<\/SPAN><SPAN style=\"LINE-HEIGHT: 115%; FONT-FAMILY: 'Verdana', 'sans-serif'; FONT-SIZE: 8.5pt; mso-fareast-language: IT\">&nbsp;<\/SPAN><\/p>\n<p><SPAN style=\"LINE-HEIGHT: 115%; FONT-FAMILY: 'Verdana', 'sans-serif'; COLOR: #222222; FONT-SIZE: 12pt; mso-fareast-language: IT\">Fissata anche la tabella di marcia dei prossimi appuntamenti del \u201cDess\u00ec\u201d. I nomi delle due terne di finalisti e il vincitore del&nbsp;Premio Speciale della Giuria&nbsp;verranno presentati nel corso di una conferenza stampa prevista per il prossimo&nbsp;2 settembre a Cagliari&nbsp;insieme al calendario di eventi che&nbsp;dal 13 settembre&nbsp;terranno banco a&nbsp;Villacidro: un ricco cartellone di spettacoli, concerti e incontri intorno alla letteratura, all\u2019arte, alle memorie e al cinema del grande autore sardo. Il&nbsp;Premio Dess\u00ec culminer\u00e0 il 18 settembre&nbsp;con la cerimonia in cui verranno svelati i vincitori di questa ventiseiesima edizione (che porteranno a casa cinquemila euro ciascuno), affidata alla presentazione della giornalista di Sky Paola Saluzzi.<\/SPAN><SPAN style=\"LINE-HEIGHT: 115%; FONT-FAMILY: 'Verdana', 'sans-serif'; FONT-SIZE: 8.5pt; mso-fareast-language: IT\">&nbsp;<\/SPAN><\/p>\n<p><SPAN style=\"LINE-HEIGHT: 115%; FONT-FAMILY: 'Verdana', 'sans-serif'; COLOR: #222222; FONT-SIZE: 12pt; mso-fareast-language: IT\">Organizzano la&nbsp;<\/SPAN><U><SPAN style=\"LINE-HEIGHT: 115%; FONT-FAMILY: 'Verdana', 'sans-serif'; COLOR: navy; FONT-SIZE: 8.5pt; mso-fareast-language: IT\"><a href=\"http:\/\/www.fondazionedessi.it\/\" target=\"_blank\" rel=\"noopener noreferrer\"><SPAN style=\"LINE-HEIGHT: 115%; COLOR: blue; FONT-SIZE: 12pt\">Fondazione Dess\u00ec<\/SPAN><\/A><\/SPAN><\/U><SPAN style=\"LINE-HEIGHT: 115%; FONT-FAMILY: 'Verdana', 'sans-serif'; COLOR: #222222; FONT-SIZE: 12pt; mso-fareast-language: IT\">&nbsp;e il&nbsp;Comune di Villacidro, col patrocinio del&nbsp;Consiglio Regionale della Sardegna, dell\u2019Assessorato Regionale alla Pubblica Istruzione, delMinistero per i Beni e le Attivit\u00e0 Culturali, della&nbsp;Fondazione Banco di Sardegna, dell\u2019Amministrazione Provinciale del Medio Campidano&nbsp;e del&nbsp;Consorzio Industriale di Villacidro.<\/SPAN><SPAN style=\"LINE-HEIGHT: 115%; FONT-FAMILY: 'Verdana', 'sans-serif'; FONT-SIZE: 8.5pt; mso-fareast-language: IT\">&nbsp;Com<\/SPAN><\/p>\n","protected":false},"excerpt":{"rendered":"<p>Prende forma la ventiseiesima edizione del&nbsp;Premio \u201cGiuseppe Dess\u00ec\u201d, in programma&nbsp;dal 13 al 18 settembre&nbsp;a&nbsp;Villacidro, il paese del Medio Campidano in cui l&#8217;autore di \u201cPaese d\u2019Ombre\u201d&nbsp;trascorse&#8230;<\/p>\n","protected":false},"author":2,"featured_media":0,"comment_status":"closed","ping_status":"closed","sticky":false,"template":"","format":"standard","meta":[],"categories":[49],"tags":[],"_links":{"self":[{"href":"https:\/\/www.cronacaonline.it\/index.php\/wp-json\/wp\/v2\/posts\/84682"}],"collection":[{"href":"https:\/\/www.cronacaonline.it\/index.php\/wp-json\/wp\/v2\/posts"}],"about":[{"href":"https:\/\/www.cronacaonline.it\/index.php\/wp-json\/wp\/v2\/types\/post"}],"author":[{"embeddable":true,"href":"https:\/\/www.cronacaonline.it\/index.php\/wp-json\/wp\/v2\/users\/2"}],"replies":[{"embeddable":true,"href":"https:\/\/www.cronacaonline.it\/index.php\/wp-json\/wp\/v2\/comments?post=84682"}],"version-history":[{"count":0,"href":"https:\/\/www.cronacaonline.it\/index.php\/wp-json\/wp\/v2\/posts\/84682\/revisions"}],"wp:attachment":[{"href":"https:\/\/www.cronacaonline.it\/index.php\/wp-json\/wp\/v2\/media?parent=84682"}],"wp:term":[{"taxonomy":"category","embeddable":true,"href":"https:\/\/www.cronacaonline.it\/index.php\/wp-json\/wp\/v2\/categories?post=84682"},{"taxonomy":"post_tag","embeddable":true,"href":"https:\/\/www.cronacaonline.it\/index.php\/wp-json\/wp\/v2\/tags?post=84682"}],"curies":[{"name":"wp","href":"https:\/\/api.w.org\/{rel}","templated":true}]}}