{"id":84610,"date":"2011-06-08T15:13:57","date_gmt":"2011-06-08T14:13:57","guid":{"rendered":"http:\/\/www.cronacaonline.it\/public\/content\/index.php\/08\/06\/2011\/provincia-di-nuoro---consiglieri-delrio-e-arbau-allassessore-masia-compatti-per-la-salvaguardia-e-la-difesa-della-scuola-dellintero-territorio"},"modified":"2011-06-08T15:13:57","modified_gmt":"2011-06-08T14:13:57","slug":"provincia-di-nuoro-consiglieri-delrio-e-arbau-allassessore-masia-compatti-per-la-salvaguardia-e-la-difesa-della-scuola-dellintero-territorio","status":"publish","type":"post","link":"https:\/\/www.cronacaonline.it\/index.php\/2011\/06\/08\/provincia-di-nuoro-consiglieri-delrio-e-arbau-allassessore-masia-compatti-per-la-salvaguardia-e-la-difesa-della-scuola-dellintero-territorio\/","title":{"rendered":"Provincia di Nuoro &#8211; Consiglieri Delrio e Arbau all&#8217;assessore Masia: &#8220;Compatti per la salvaguardia e la difesa della scuola dell\u2019intero territorio&#8221;."},"content":{"rendered":"<p>I consiglieri provinciali del territorio di Macomer Pietro Delrio e Bobo Arbau, preoccupati per la situazione in cui versa la scuola nella provincia di Nuoro e nel Marghine, in risposta alle dichiarazioni rilasciate dall\u2019Assessore alla Pubblica Istruzione, Sergio Masia, sull'ipotesi di una possibile chiusura della Scuola Materna di Padru e Lampadas, hanno affermato: \"Riteniamo che sia inutile e poco produttivo in questo momento innescare nuove polemiche utilizzandole in modo scorretto e strumentale nei confronti della Provincia di Nuoro che bene ha fatto finora a non sottostare alla logica dei tagli che la Regione ha invece tentato di imporre\". <\/p>\n<p>\"Sarebbe invece opportuno - hanno proseguito i consiglieri - compattarsi per portare avanti insieme una battaglia comune per la salvaguardia e la difesa della scuola dell\u2019intero territorio, compreso quello del Marghine, contrastando con tutte le forze a nostra disposizione quanto sta avvenendo. La provincia deve essere infatti, ora pi\u00f9 che mai, coesa in una lotta condivisa contro i tagli indiscriminati che fino a questo momento non hanno fatto altro che seguire una mera logica ragionieristica che niente ha a che vedere con le esigenze di un territorio gi\u00e0 fortemente penalizzato. Quello di accusare la Provincia di Nuoro di aver imposto il dimensionamento scolastico \u00e8 un tentativo strumentale di cercare a tutti i costi un colpevole quando invece tutti noi sappiamo bene che i tagli non stanno toccando solo il nostro territorio ma l\u2019intera Sardegna. Non dimentichiamo che l'assessore alla Pubblica Istruzione di Macomer Sergio Masia ricopre anche il ruolo di dirigente scolastico, nonch\u00e8 di componente di quel tavolo tecnico regionale che ha deciso i tagli per la Sardegna in fase di dimensionamento\". <\/p>\n<p>\"Nel caso specifico \u2013 hanno concluso Delrio e Arbau - \u00e8 gi\u00e0 nota la volont\u00e0 dell\u2019amministrazione di Macomer di destinare la struttura della scuola materna di Padru e Lampadas ad un diverso utilizzo. Come consiglieri del territorio ci mettiamo a completa disposizione per intraprendere con seriet\u00e0 e determinazione una vera battaglia per la salvaguardia e la difesa della scuola del nostro territorio\". Red.<\/p>\n","protected":false},"excerpt":{"rendered":"<p>I consiglieri provinciali del territorio di Macomer Pietro Delrio e Bobo Arbau, preoccupati per la situazione in cui versa la scuola nella provincia di Nuoro&#8230;<\/p>\n","protected":false},"author":2,"featured_media":0,"comment_status":"closed","ping_status":"closed","sticky":false,"template":"","format":"standard","meta":[],"categories":[49],"tags":[],"_links":{"self":[{"href":"https:\/\/www.cronacaonline.it\/index.php\/wp-json\/wp\/v2\/posts\/84610"}],"collection":[{"href":"https:\/\/www.cronacaonline.it\/index.php\/wp-json\/wp\/v2\/posts"}],"about":[{"href":"https:\/\/www.cronacaonline.it\/index.php\/wp-json\/wp\/v2\/types\/post"}],"author":[{"embeddable":true,"href":"https:\/\/www.cronacaonline.it\/index.php\/wp-json\/wp\/v2\/users\/2"}],"replies":[{"embeddable":true,"href":"https:\/\/www.cronacaonline.it\/index.php\/wp-json\/wp\/v2\/comments?post=84610"}],"version-history":[{"count":0,"href":"https:\/\/www.cronacaonline.it\/index.php\/wp-json\/wp\/v2\/posts\/84610\/revisions"}],"wp:attachment":[{"href":"https:\/\/www.cronacaonline.it\/index.php\/wp-json\/wp\/v2\/media?parent=84610"}],"wp:term":[{"taxonomy":"category","embeddable":true,"href":"https:\/\/www.cronacaonline.it\/index.php\/wp-json\/wp\/v2\/categories?post=84610"},{"taxonomy":"post_tag","embeddable":true,"href":"https:\/\/www.cronacaonline.it\/index.php\/wp-json\/wp\/v2\/tags?post=84610"}],"curies":[{"name":"wp","href":"https:\/\/api.w.org\/{rel}","templated":true}]}}