{"id":84560,"date":"2011-06-23T15:13:57","date_gmt":"2011-06-23T14:13:57","guid":{"rendered":"http:\/\/www.cronacaonline.it\/public\/content\/index.php\/23\/06\/2011\/p4-pioggia-di-intercettazioni"},"modified":"2011-06-23T15:13:57","modified_gmt":"2011-06-23T14:13:57","slug":"p4-pioggia-di-intercettazioni","status":"publish","type":"post","link":"https:\/\/www.cronacaonline.it\/index.php\/2011\/06\/23\/p4-pioggia-di-intercettazioni\/","title":{"rendered":"P4, pioggia di intercettazioni"},"content":{"rendered":"<p>Ancora una pioggia di verbali di intercettazioni e interrogatori relativi all'inchiesta P4 che si allarga a macchia d'olio dalla politica all'economia, attraversando un numero sempre maggiore di stanze del potere pubblico con Luigi Bisignani snodo centrale di confidenze, sfoghi, richieste di intervento, suggeritore di nomine e decisioni politiche ed istituzionali. E che vede oggi il Pdl e i veleni incrociati fra esponenti e ministri di primissimo piano fra di loro e nei confronti del Premier Silvio Berlusconi, affiancare Rai, Servizi segreti, Eni, sulla ribalta del diluvio di pubblicazioni.<\/p>\n<p>Riprende quota anche l'ipotesi del decreto, qualora non riuscisse il tentativo di un blitz parlamentare che il partito del Premier preferirebbe, per riuscire ad approvare nei 30 giorni che restano di attivit\u00e0 parlamentare prima della pausa estiva il ddl approvato dal Senato ma poi arenatosi in commissione Giustizia alla Camera.<\/p>\n<p>Decreto-legge o legge di iniziativa parlamentare, per\u00f2, i voti del solo Pdl non bastano per tradurre i desideri in norme vigenti. C'\u00e8 da sondare Umberto Bossi e la Lega, che a Pontida hanno chiaramente fatto sapere di non essere pi\u00f9 disponibili a sostenere al buio ogni iniziativa del centrodestra in materia di giustizia. N\u00e8 si pu\u00f2 sottovalutare la posizione di grande prudenza da sempre manifestata in materia dalla Presidenza della Repubblica. <\/p>\n<p>Senza il riconoscimento da parte del Quirinale dei requisiti di 'necessit\u00e0 e urgenza' prescritti dalla Costituzione per i decreti legge, la firma di Napolitano e quindi l'entrata in vigore immediata della stretta sulle intercettazioni sarebbero tutt'altro che scontate. Cos\u00ec come non pu\u00f2 essere dimenticata l'ultima dichiarazione del Capo dello Stato quando gli furono chieste notizie sul ddl intercettazioni approvato dal Senato: le sue parole allora certificarono il 'binario morto' intrapreso dal provvedimento al Senato.<\/p>\n<p>C'\u00e8 la necessit\u00e0, insomma, di convincere alleati e Colle che la 'pioggia di pubblicazioni' degli atti sulla P4 abbiano cambiato le cose. Un compito delicatissimo e certo non facile, tanto pi\u00f9 in una fase in cui il Guardasigilli in carica fra otto giorni lascer\u00e0 via Arenula. E l'indicazione del successore che la Costituzione affida al Presidente del Consiglio \u00e8 di nuovo dal consenso preventivo di Umberto Bossi e Giorgio Napolitano che deve passare per essere tradotta in nomina.<\/p>\n","protected":false},"excerpt":{"rendered":"<p>Ancora una pioggia di verbali di intercettazioni e interrogatori relativi all&#8217;inchiesta P4 che si allarga a macchia d&#8217;olio dalla politica all&#8217;economia, attraversando un numero sempre&#8230;<\/p>\n","protected":false},"author":2,"featured_media":0,"comment_status":"closed","ping_status":"closed","sticky":false,"template":"","format":"standard","meta":[],"categories":[49],"tags":[],"_links":{"self":[{"href":"https:\/\/www.cronacaonline.it\/index.php\/wp-json\/wp\/v2\/posts\/84560"}],"collection":[{"href":"https:\/\/www.cronacaonline.it\/index.php\/wp-json\/wp\/v2\/posts"}],"about":[{"href":"https:\/\/www.cronacaonline.it\/index.php\/wp-json\/wp\/v2\/types\/post"}],"author":[{"embeddable":true,"href":"https:\/\/www.cronacaonline.it\/index.php\/wp-json\/wp\/v2\/users\/2"}],"replies":[{"embeddable":true,"href":"https:\/\/www.cronacaonline.it\/index.php\/wp-json\/wp\/v2\/comments?post=84560"}],"version-history":[{"count":0,"href":"https:\/\/www.cronacaonline.it\/index.php\/wp-json\/wp\/v2\/posts\/84560\/revisions"}],"wp:attachment":[{"href":"https:\/\/www.cronacaonline.it\/index.php\/wp-json\/wp\/v2\/media?parent=84560"}],"wp:term":[{"taxonomy":"category","embeddable":true,"href":"https:\/\/www.cronacaonline.it\/index.php\/wp-json\/wp\/v2\/categories?post=84560"},{"taxonomy":"post_tag","embeddable":true,"href":"https:\/\/www.cronacaonline.it\/index.php\/wp-json\/wp\/v2\/tags?post=84560"}],"curies":[{"name":"wp","href":"https:\/\/api.w.org\/{rel}","templated":true}]}}