{"id":84504,"date":"2011-04-14T15:13:57","date_gmt":"2011-04-14T14:13:57","guid":{"rendered":"http:\/\/www.cronacaonline.it\/public\/content\/index.php\/14\/04\/2011\/la-settimana-prossima-al-via-lavori-per-sicurezza-del-quartiere-cagliaritano-di-pirri"},"modified":"2011-04-14T15:13:57","modified_gmt":"2011-04-14T14:13:57","slug":"la-settimana-prossima-al-via-lavori-per-sicurezza-del-quartiere-cagliaritano-di-pirri","status":"publish","type":"post","link":"https:\/\/www.cronacaonline.it\/index.php\/2011\/04\/14\/la-settimana-prossima-al-via-lavori-per-sicurezza-del-quartiere-cagliaritano-di-pirri\/","title":{"rendered":"La settimana prossima al via lavori per sicurezza del quartiere cagliaritano di Pirri."},"content":{"rendered":"<p><SPAN style=\"LINE-HEIGHT: 115%; FONT-FAMILY: 'Verdana', 'sans-serif'; FONT-SIZE: 12pt\">Partiranno la settimana prossima i lavori per mettere al sicuro Pirri. La Giunta ha, infatti, approvato il progetto esecutivo per la prima parte del II lotto che prevede la realizzazione di interventi per scongiurare il rischio allagamenti nella frazione cagliaritana. <\/SPAN><\/p>\n<p><SPAN style=\"LINE-HEIGHT: 115%; FONT-FAMILY: 'Verdana', 'sans-serif'; FONT-SIZE: 12pt\">L\u2019intervento - che rientra in un progetto generale denominato \u201cInterventi infrastrutturali per la salvaguardia da eventi eccezionali e manutenzione straordinaria delle rete pluviale nel territorio di Pirri\u201d del valore di poco meno di 30 milioni di euro \u2013 prevede la realizzazione di una \u201cvasca volano\u201d. \u201cLo studio per scongiurare allagamenti a Pirri, prevede la realizzazione di due grandi vasche interrate che raccolgano le piogge in modo da non sovraccaricare la rete delle acque bianche\u201d, spiega l\u2019assessore alla Pianificazione dei Servizi Giovanni Giagoni: \u201ccon i 500mila euro che abbiamo subito a disposizione, abbiamo pensato di far partire il cantiere che costruir\u00e0 una parte della prima vasca prevista in via Stamira\u201d. Una vasca di 1.500 metri cubi cui si aggiunger\u00e0 un\u2019altra vasca da 8.500 metri cubi. Il cantiere partir\u00e0 la prossima settimana e, entro l\u2019anno, i lavori saranno conclusi. <\/SPAN><\/p>\n<p><SPAN style=\"LINE-HEIGHT: 115%; FONT-FAMILY: 'Verdana', 'sans-serif'; FONT-SIZE: 12pt\">Ma non \u00e8 la sola novit\u00e0 in fatto di sicurezza per la frazione. La settimana scorsa sono stati, infatti, consegnati i lavori per i lavori di urbanizzazione dell\u2019ex quartiere spontaneo di Barracca Manna. <\/SPAN><\/p>\n<p><SPAN style=\"LINE-HEIGHT: 115%; FONT-FAMILY: 'Verdana', 'sans-serif'; FONT-SIZE: 12pt\">\u201cIl cantiere compir\u00e0 interventi in quattro strade del quartiere: via Tognazzi, delle Magnolie, del Prato e Tarantini, per una cifra di<SPAN style=\"mso-spacerun: yes\">&nbsp; <\/SPAN>500mila euro, dice Giagoni: Un altro passo verso la conclusione del programma di urbanizzazione del quartiere gi\u00e0 realizzato al 75 per cento\u201d. Per adesso \u201cprocediamo con i lavori che interesseranno il primo stralcio di lavori di un progetto pi\u00f9 ampio\u201d, spiega Giagoni. Infatti, l\u2019apertura del cantiere consentir\u00e0 \u201ca una parte di vie maggiormente colpite dagli allagamenti in seguito alle ultime alluvioni, sar\u00e0 rimessa a nuovo\u201d. Questo significa che gli abitanti delle quattro strade inserite nel progetto, potranno stare pi\u00f9 tranquilli. <\/SPAN><\/p>\n<p><SPAN style=\"LINE-HEIGHT: 115%; FONT-FAMILY: 'Verdana', 'sans-serif'; FONT-SIZE: 12pt\">Con i lavori scongiuriamo, infatti, i rischi per la salvaguardia della pubblica incolumit\u00e0 dei residenti di Barracca Manna e anche di quelli del resto di Pirri. Perch\u00e9, a lavori finiti, anche il resto della frazione potr\u00e0 giovarne non dovendo pi\u00f9 fare i conti, durante le forti piogge, con i detriti e la terra delle strade del quartiere di Barracca Manna che oggi si riversano anche sul resto del territorio, conclude Giagoni. Red<\/SPAN><\/p>\n","protected":false},"excerpt":{"rendered":"<p>Partiranno la settimana prossima i lavori per mettere al sicuro Pirri. La Giunta ha, infatti, approvato il progetto esecutivo per la prima parte del II&#8230;<\/p>\n","protected":false},"author":2,"featured_media":0,"comment_status":"closed","ping_status":"closed","sticky":false,"template":"","format":"standard","meta":[],"categories":[49],"tags":[],"_links":{"self":[{"href":"https:\/\/www.cronacaonline.it\/index.php\/wp-json\/wp\/v2\/posts\/84504"}],"collection":[{"href":"https:\/\/www.cronacaonline.it\/index.php\/wp-json\/wp\/v2\/posts"}],"about":[{"href":"https:\/\/www.cronacaonline.it\/index.php\/wp-json\/wp\/v2\/types\/post"}],"author":[{"embeddable":true,"href":"https:\/\/www.cronacaonline.it\/index.php\/wp-json\/wp\/v2\/users\/2"}],"replies":[{"embeddable":true,"href":"https:\/\/www.cronacaonline.it\/index.php\/wp-json\/wp\/v2\/comments?post=84504"}],"version-history":[{"count":0,"href":"https:\/\/www.cronacaonline.it\/index.php\/wp-json\/wp\/v2\/posts\/84504\/revisions"}],"wp:attachment":[{"href":"https:\/\/www.cronacaonline.it\/index.php\/wp-json\/wp\/v2\/media?parent=84504"}],"wp:term":[{"taxonomy":"category","embeddable":true,"href":"https:\/\/www.cronacaonline.it\/index.php\/wp-json\/wp\/v2\/categories?post=84504"},{"taxonomy":"post_tag","embeddable":true,"href":"https:\/\/www.cronacaonline.it\/index.php\/wp-json\/wp\/v2\/tags?post=84504"}],"curies":[{"name":"wp","href":"https:\/\/api.w.org\/{rel}","templated":true}]}}