{"id":84501,"date":"2011-04-13T15:13:57","date_gmt":"2011-04-13T14:13:57","guid":{"rendered":"http:\/\/www.cronacaonline.it\/public\/content\/index.php\/13\/04\/2011\/a-distanza-di-pochi-giorni-arrestato-nuovamente-giovane-pregiudicato-per-furto-aggravato-e-continuato"},"modified":"2011-04-13T15:13:57","modified_gmt":"2011-04-13T14:13:57","slug":"a-distanza-di-pochi-giorni-arrestato-nuovamente-giovane-pregiudicato-per-furto-aggravato-e-continuato","status":"publish","type":"post","link":"https:\/\/www.cronacaonline.it\/index.php\/2011\/04\/13\/a-distanza-di-pochi-giorni-arrestato-nuovamente-giovane-pregiudicato-per-furto-aggravato-e-continuato\/","title":{"rendered":"A distanza di pochi giorni arrestato nuovamente giovane pregiudicato per furto aggravato e continuato."},"content":{"rendered":"<p><SPAN style=\"FONT-FAMILY: 'Verdana', 'sans-serif'\">Gli agenti della Squadra Volanti della Questura di Cagliari hanno arrestato per l'ennesima volta, Fabrizio Rais, di 40 anni, del capoluogo regionale, con l'accusa di furto aggravato e continuato.<\/SPAN><\/p>\n<p><SPAN style=\"FONT-FAMILY: 'Verdana', 'sans-serif'\">Ieri pomeriggio, alle ore 17:15 circa, un equipaggio della Squadra Volante ha notato l'uomo, gi\u00e0 molto noto alle forze dell'ordine, il quale con in mano due grandi borse di spesa, si avviava verso la fermata dell'autobus.<\/SPAN><\/p>\n<p><SPAN style=\"FONT-FAMILY: 'Verdana', 'sans-serif'\">Insospettiti dall'uomo, noto per essere spesso dedito al furto presso supermercati, oltre che essere stato il 28 marzo scorso arrestato dagli uomini delle Volanti, per rapina impropria in un noto centro commerciale, lo hanno quindi fermato per un controllo.<\/SPAN><\/p>\n<p><SPAN style=\"FONT-FAMILY: 'Verdana', 'sans-serif'\">Il Rais dava subito segni di agitazione e, dalle due buste di spesa, mostrava solo alcune derrate alimentari di cui aveva lo scontrino.<\/SPAN><\/p>\n<p><SPAN style=\"FONT-FAMILY: 'Verdana', 'sans-serif'\">Purtroppo all'interno delle buste vi era una gran quantit\u00e0 di altri prodotti, in particolare di formaggio \"Grana\", dei quali non vi era riscontro e proveniente da tre diversi supermercati (casualmente tutti in zona).<\/SPAN><\/p>\n<p><SPAN style=\"FONT-FAMILY: 'Verdana', 'sans-serif'\">Gli Agenti operavano quindi, coordinati dal Sovrintendente Sitzia, un riscontro incrociato con i responsabili dei supermercati interessati, \"Billa\" \u2013 \"Har Dis\" e \"LD\", i quali hanno confermato e riconosciuto ciascuno la parte di merce di loro pertinenza e perci\u00f2 hanno sporto denuncia.<\/SPAN><\/p>\n<p><SPAN style=\"FONT-FAMILY: 'Verdana', 'sans-serif'\">L'intero ammontare della merce sottratta, per un valore di circa 94 euro, \u00e8 stata restituita ai supermercati per il Rais sono scattate di nuovo le manette.<\/SPAN><\/p>\n<p><SPAN style=\"FONT-FAMILY: 'Verdana', 'sans-serif'\">Accompagnato negli uffici della Questura dove, dopo le formalit\u00e0 di legge, \u00e8 stato, su disposizione del PM di turno De Angelis, trattenuto nelle camere di sicurezza della Questura in attesa del processo <FONT size=3>nel corso del quale \u00e8 stato condannato a quattro mesi e venti giorni di reclusione pi\u00f9 300 euro di multa, da scontare agli arresti domiciliari sino al trasferimento in comunit\u00e0.<BR><\/p>\n","protected":false},"excerpt":{"rendered":"<p>Gli agenti della Squadra Volanti della Questura di Cagliari hanno arrestato per l&#8217;ennesima volta, Fabrizio Rais, di 40 anni, del capoluogo regionale, con l&#8217;accusa di&#8230;<\/p>\n","protected":false},"author":2,"featured_media":0,"comment_status":"closed","ping_status":"closed","sticky":false,"template":"","format":"standard","meta":[],"categories":[49],"tags":[],"_links":{"self":[{"href":"https:\/\/www.cronacaonline.it\/index.php\/wp-json\/wp\/v2\/posts\/84501"}],"collection":[{"href":"https:\/\/www.cronacaonline.it\/index.php\/wp-json\/wp\/v2\/posts"}],"about":[{"href":"https:\/\/www.cronacaonline.it\/index.php\/wp-json\/wp\/v2\/types\/post"}],"author":[{"embeddable":true,"href":"https:\/\/www.cronacaonline.it\/index.php\/wp-json\/wp\/v2\/users\/2"}],"replies":[{"embeddable":true,"href":"https:\/\/www.cronacaonline.it\/index.php\/wp-json\/wp\/v2\/comments?post=84501"}],"version-history":[{"count":0,"href":"https:\/\/www.cronacaonline.it\/index.php\/wp-json\/wp\/v2\/posts\/84501\/revisions"}],"wp:attachment":[{"href":"https:\/\/www.cronacaonline.it\/index.php\/wp-json\/wp\/v2\/media?parent=84501"}],"wp:term":[{"taxonomy":"category","embeddable":true,"href":"https:\/\/www.cronacaonline.it\/index.php\/wp-json\/wp\/v2\/categories?post=84501"},{"taxonomy":"post_tag","embeddable":true,"href":"https:\/\/www.cronacaonline.it\/index.php\/wp-json\/wp\/v2\/tags?post=84501"}],"curies":[{"name":"wp","href":"https:\/\/api.w.org\/{rel}","templated":true}]}}