{"id":84494,"date":"2011-04-22T15:13:57","date_gmt":"2011-04-22T14:13:57","guid":{"rendered":"http:\/\/www.cronacaonline.it\/public\/content\/index.php\/22\/04\/2011\/frammenti-di-smarrimento---larte-di-antonio-polizzi-in-mostra-per-primavera-in-riviera"},"modified":"2011-04-22T15:13:57","modified_gmt":"2011-04-22T14:13:57","slug":"frammenti-di-smarrimento-larte-di-antonio-polizzi-in-mostra-per-primavera-in-riviera","status":"publish","type":"post","link":"https:\/\/www.cronacaonline.it\/index.php\/2011\/04\/22\/frammenti-di-smarrimento-larte-di-antonio-polizzi-in-mostra-per-primavera-in-riviera\/","title":{"rendered":"&#8220;Frammenti di smarrimento&#8221; &#8211; L&#8217;arte di Antonio Polizzi in mostra per Primavera in Riviera."},"content":{"rendered":"<p>Oggi, venerd\u00ec 22 aprile, alle 18.30, ad Alghero, nell'ambito di Primavera in Riviera, verr\u00e0 inaugurata la mostra \"Frammenti di smarrimento\", di Antonio Polizzi.<\/p>\n<\/p>\n<p>Prenderanno parte all\u2019inaugurazione l\u2019artista, il vice Sindaco Mario Conoci ed il team di Primavera In Riviera.<\/p>\n<\/p>\n<p>L'esposizione, che offre un percorso tra i dettagli della vita quotidiana, un itinerario per esprimere la velocit\u00e0 problematica e profonda della realt\u00e0 modera, a partire da domani, sar\u00e0 aperta alla citt\u00e0 negli spazi del Mercato Civico della frutta le sue ricercate opere. <\/p>\n<\/p>\n<p>La ricerca febbrile e smarrita di Antonio Polizzi si snoda attraverso l\u2019osservazione di gesti comuni, inizialmente nell\u2019affermazione-negazione del nucleo familiare incarnato dall\u2019unione sterile di due sagome vicine eppure solitarie, instabili e trasparenti, prive di connotati e identit\u00e0 per poi abbracciare i falsi idoli della societ\u00e0 moderna schiava di pulsioni auto-distruttive. La mostra dell\u2019artista cagliaritano, ricca di spunti di riflessione, che sar\u00e0 visitabile fino a dopo Pasqua. Com.<\/p>\n","protected":false},"excerpt":{"rendered":"<p>Oggi, venerd\u00ec 22 aprile, alle 18.30, ad Alghero, nell&#8217;ambito di Primavera in Riviera, verr\u00e0 inaugurata la mostra &#8220;Frammenti di smarrimento&#8221;, di Antonio Polizzi. Prenderanno parte&#8230;<\/p>\n","protected":false},"author":2,"featured_media":0,"comment_status":"closed","ping_status":"closed","sticky":false,"template":"","format":"standard","meta":[],"categories":[49],"tags":[],"_links":{"self":[{"href":"https:\/\/www.cronacaonline.it\/index.php\/wp-json\/wp\/v2\/posts\/84494"}],"collection":[{"href":"https:\/\/www.cronacaonline.it\/index.php\/wp-json\/wp\/v2\/posts"}],"about":[{"href":"https:\/\/www.cronacaonline.it\/index.php\/wp-json\/wp\/v2\/types\/post"}],"author":[{"embeddable":true,"href":"https:\/\/www.cronacaonline.it\/index.php\/wp-json\/wp\/v2\/users\/2"}],"replies":[{"embeddable":true,"href":"https:\/\/www.cronacaonline.it\/index.php\/wp-json\/wp\/v2\/comments?post=84494"}],"version-history":[{"count":0,"href":"https:\/\/www.cronacaonline.it\/index.php\/wp-json\/wp\/v2\/posts\/84494\/revisions"}],"wp:attachment":[{"href":"https:\/\/www.cronacaonline.it\/index.php\/wp-json\/wp\/v2\/media?parent=84494"}],"wp:term":[{"taxonomy":"category","embeddable":true,"href":"https:\/\/www.cronacaonline.it\/index.php\/wp-json\/wp\/v2\/categories?post=84494"},{"taxonomy":"post_tag","embeddable":true,"href":"https:\/\/www.cronacaonline.it\/index.php\/wp-json\/wp\/v2\/tags?post=84494"}],"curies":[{"name":"wp","href":"https:\/\/api.w.org\/{rel}","templated":true}]}}