{"id":84462,"date":"2011-04-18T15:13:57","date_gmt":"2011-04-18T14:13:57","guid":{"rendered":"http:\/\/www.cronacaonline.it\/public\/content\/index.php\/18\/04\/2011\/mare-sud-sardegna---presentata-lultima-iniziativa-della-provincia-di-cagliari-per-intercettare-nuovi-flussi-turistici"},"modified":"2011-04-18T15:13:57","modified_gmt":"2011-04-18T14:13:57","slug":"mare-sud-sardegna-presentata-lultima-iniziativa-della-provincia-di-cagliari-per-intercettare-nuovi-flussi-turistici","status":"publish","type":"post","link":"https:\/\/www.cronacaonline.it\/index.php\/2011\/04\/18\/mare-sud-sardegna-presentata-lultima-iniziativa-della-provincia-di-cagliari-per-intercettare-nuovi-flussi-turistici\/","title":{"rendered":"\u201cMare Sud Sardegna\u201d &#8211; Presentata l\u2019ultima iniziativa della Provincia di Cagliari per intercettare nuovi flussi turistici."},"content":{"rendered":"<p>Questa mattina, la Provincia di Cagliari e il Sistema Turistico Locale Karalis hanno presentato a Palazzo Regio l'iniziativa <\/SPAN><SPAN lang=\"\">\"<\/SPAN><SPAN lang=DE>Mare Sud Sardegna<\/SPAN><SPAN lang=\"\">\",<\/SPAN><SPAN lang=DE> l'iniziativa che si svolger\u00e0 tra Roma e Milano sotto forma di workshop voluti per facilitare l'incontro tra domanda e offerta turistica, in cui verranno proposti alle migliori agenzie turistiche e ai pi\u00f9 importanti Tour operator nazionali delle selezionatissime proposte di vacanza balneare nel sud Sardegna, con standard di classificazione elevati.<\/p>\n<p>L'evento si configura in due distinti momenti di promozione delle potenzialit\u00e0 del ricettivo alberghiero del sud dell'Isola. Il primo avr\u00e0 luogo a Roma, domani, marted\u00ec 19 aprile, il secondo a Milano il giorno successivo.<\/p>\n<p>L'amministrazione provinciale e il Sistema Turistico Locale Karalis hanno infatti selezionato 23 soggetti locali che prenderanno parte agli incontri, tutti identificati in base a standard <\/SPAN><SPAN lang=\"\">di classificazione elevati (non inferiore alle tre stelle), al numero di camere e alla distanza dal mare non superiore ai 15 Km dalle principali spiagge attrezzate. <\/SPAN><SPAN lang=DE>L'adesione ai workshop di Roma e Milano dar\u00e0 quindi la possibilit\u00e0 agli operatori turistici nazionali di conoscere quelli sardi, con incontri one-to-one tesi a realizzare accordi commerciali in grado di soddisfare le richieste dei clienti nel migliore dei modi, anche grazie alla realizzazione di un nuovo manuale di vendita, preciso ed affidabile, finalizzato alla scelta della destinazione e delle strutture.<\/p>\n<p>\"Con questa iniziativa, in un momento scelto non per caso, vogliamo cercare di intercettare e indirizzare nel sud Sardegna un numero importante di visitatori \u2013 ha detto l'assessore provinciale al Turismo Piero Comandini \u2013 cos\u00ec da recuperare quei flussi turistici che negli anni, per diverse ragioni, si sono sempre pi\u00f9 assottigliati: metteremo a disposizione dei Tour operator un'offerta alberghiera che nella provincia di Cagliari assomma a tredicimila posti letto\".<\/p>\n<p>\"Lanciamo il progetto Mare Sud Sardegna nelle citt\u00e0 di Roma e Milano per una precisa ragione \u2013 ha aggiunto Comandini \u2013 una ragione che trova la sua giustificazione nel fatto che il mercato italiano rappresenta circa l'80% del flusso turistico che attraversa la provincia di Cagliari e, di questo, gran parte \u00e8 riconducibile proprio ai bacini di popolazione del Lazio e della Lombardia\".<\/p>\n<p>La partecipazione all'iniziativa Mare Sud Sardegna non prevede costi di iscrizione ai due workshop, mentre i costi del solo trasferimento degli operatori turistici locali che hanno deciso di aderire all'iniziativa, dalla sede del primo workshop di Roma a quella di Milano, sono a carico del Sistema Turistico Locale Karalis. Peraltro, tra le migliori agenzie turistiche e i pi\u00f9 importanti Tour operator nazionali che parteciperanno ai due workshop verranno assegnati ad estrazione <\/SPAN><SPAN lang=\"\">due soggiorni gratuiti della durata di 3 giorni.<\/p>\n<p>L'assessore Comandini ha poi anticipato che l'amministrazione provinciale, entro il prossimo mese di giugno, dar\u00e0 vita all'Osservatorio provinciale turistico, un nuovo strumento di studio e analisi delle dinamiche turistiche, nel loro aspetto pi\u00f9 dettagliato, che sar\u00e0 in grado di censire, studiare e valutare in maniera non solo statistica ma piuttosto in termini economici, sociali e produttivi, le aspettative, preferenze e gusti dei turisti che vorrebbero passare le loro vacanze nel sud Sardegna. Com.<\/p>\n","protected":false},"excerpt":{"rendered":"<p>Questa mattina, la Provincia di Cagliari e il Sistema Turistico Locale Karalis hanno presentato a Palazzo Regio l&#8217;iniziativa &#8220;Mare Sud Sardegna&#8221;, l&#8217;iniziativa che si svolger\u00e0&#8230;<\/p>\n","protected":false},"author":2,"featured_media":0,"comment_status":"closed","ping_status":"closed","sticky":false,"template":"","format":"standard","meta":[],"categories":[49],"tags":[],"_links":{"self":[{"href":"https:\/\/www.cronacaonline.it\/index.php\/wp-json\/wp\/v2\/posts\/84462"}],"collection":[{"href":"https:\/\/www.cronacaonline.it\/index.php\/wp-json\/wp\/v2\/posts"}],"about":[{"href":"https:\/\/www.cronacaonline.it\/index.php\/wp-json\/wp\/v2\/types\/post"}],"author":[{"embeddable":true,"href":"https:\/\/www.cronacaonline.it\/index.php\/wp-json\/wp\/v2\/users\/2"}],"replies":[{"embeddable":true,"href":"https:\/\/www.cronacaonline.it\/index.php\/wp-json\/wp\/v2\/comments?post=84462"}],"version-history":[{"count":0,"href":"https:\/\/www.cronacaonline.it\/index.php\/wp-json\/wp\/v2\/posts\/84462\/revisions"}],"wp:attachment":[{"href":"https:\/\/www.cronacaonline.it\/index.php\/wp-json\/wp\/v2\/media?parent=84462"}],"wp:term":[{"taxonomy":"category","embeddable":true,"href":"https:\/\/www.cronacaonline.it\/index.php\/wp-json\/wp\/v2\/categories?post=84462"},{"taxonomy":"post_tag","embeddable":true,"href":"https:\/\/www.cronacaonline.it\/index.php\/wp-json\/wp\/v2\/tags?post=84462"}],"curies":[{"name":"wp","href":"https:\/\/api.w.org\/{rel}","templated":true}]}}