{"id":84421,"date":"2011-01-23T15:13:57","date_gmt":"2011-01-23T14:13:57","guid":{"rendered":"http:\/\/www.cronacaonline.it\/public\/content\/index.php\/23\/01\/2011\/a-febbraio-il-via-alla-seconda-edizione-di-cagliari-a-teatro"},"modified":"2011-01-23T15:13:57","modified_gmt":"2011-01-23T14:13:57","slug":"a-febbraio-il-via-alla-seconda-edizione-di-cagliari-a-teatro","status":"publish","type":"post","link":"https:\/\/www.cronacaonline.it\/index.php\/2011\/01\/23\/a-febbraio-il-via-alla-seconda-edizione-di-cagliari-a-teatro\/","title":{"rendered":"A febbraio il via alla seconda edizione di \u201cCagliari a Teatro\u201d"},"content":{"rendered":"<p><SPAN style=\"FONT-FAMILY: 'Verdana', 'sans-serif'; FONT-SIZE: 11pt\">Ritorna per il secondo anno all\u2019Auditorium Comunale la rassegna <B style=\"mso-bidi-font-weight: normal\">Cagliari a Teatro. <\/B>L\u2019iniziativa nata nel 2010 come attivit\u00e0 collaterale della Scuola D\u2019Arte Drammatica di Cagliari presieduta da Lelio Lecis, sull\u2019onda del successo del primo anno di vita, ripropone una nuova stagione di teatro, danza e musica con un fitto calendario di appuntamenti che ha come protagoniste alcune compagnie locali tra le pi\u00f9 conosciute e apprezzate nell\u2019isola. <\/SPAN><\/p>\n<p><SPAN style=\"FONT-FAMILY: 'Verdana', 'sans-serif'; FONT-SIZE: 11pt\">Quella piccola bomboniera situata nel centro storico di Cagliari, da due anni sede ufficiale della<B style=\"mso-bidi-font-weight: normal\"> <\/B>Scuola d\u2019Arte Drammatica, consolida con questo secondo anno di programmazione teatrale, il suo ruolo di<B style=\"mso-bidi-font-weight: normal\"> <\/B>centro votato a 360 gradi alla cultura e in particolare all\u2019arte della recitazione. Ma c\u2019\u00e8 di pi\u00f9 perch\u00e9 il palcoscenico <B style=\"mso-bidi-font-weight: normal\">dell\u2019Auditorium Comunale di Piazzetta Dettori<\/B>, rimasto fino al <st1:metricconverter w:st=\"on\" ProductID=\"2008 in\">2008 in<\/st1:metricconverter> stato di semi abbandono o sede sporadica di spettacoli, non solo \u00e8 rinato a nuova vita ma da due anni \u00e8 un punto di riferimento per le numerose compagnie teatrali sarde prive di struttura propria e che qui possono predisporre e mettere in scena i loro lavori. <SPAN style=\"mso-spacerun: yes\">&nbsp;<\/SPAN><\/SPAN><\/p>\n<p><SPAN style=\"FONT-FAMILY: 'Verdana', 'sans-serif'; FONT-SIZE: 11pt\">Questa seconda volta di Cagliari a Teatro riunisce nel suo cartellone dal <B style=\"mso-bidi-font-weight: normal\">5 febbraio al 10 aprile, 19<\/B> <B style=\"mso-bidi-font-weight: normal\">spettacoli<\/B> proposti da con otto compagnie sarde alcune gi\u00e0 affermate anche nella penisola: <B style=\"mso-bidi-font-weight: normal\">Lucido Sottile, Teatro Impossibile, Batisfera, Teatro del Segno, Figli d\u2019Arte Medas, Karalis Ballet, Mekenes Teatro<\/B> e i giovani della compagnia <B style=\"mso-bidi-font-weight: normal\">Fiori nel Deserto<\/B>. <\/SPAN><\/p>\n<p><SPAN style=\"FONT-FAMILY: 'Verdana', 'sans-serif'; FONT-SIZE: 11pt\">&nbsp;<\/SPAN><\/p>\n<p><SPAN style=\"FONT-FAMILY: 'Verdana', 'sans-serif'; FONT-SIZE: 11pt\">La rassegna organizzata con il coordinamento della Scuola D\u2019Arte Drammatica in collaborazione con il Comune di Cagliari e con un contributo della Provincia prende il via con la pi\u00e8ce di Teatro Impossibile \u201cOggi smontiamo l\u2019anfiteatro\u201d in scena il 5 e il 6 febbraio. Una settimana dopo sono in programma due spettacoli realizzati dal Teatro del Segno: il 12 febbraio si parler\u00e0 dal palcoscenico, dell\u2019attuale tema del vizio del gioco, con lo spettacolo \u201cG.A.P.\u201d Gioco d\u2019azzardo patologico. Il giorno successivo \u00e8 sempre un argomento al centro delle cronache, il lavoro a cottimo, liberamente tratto dai libri \u201cIl figlio di Bakunin\u201d di Sergio Atzeni e \u201cPaese d\u2019Ombre\u201d di Giuseppe Dess\u00ec, l\u2019oggetto proposto dall\u2019attore Stefano Ledda in \u201cChi era Giacomo Serra\u201d. Il weekend del 19 e 20 febbraio, andr\u00e0 sul palcoscenico la compagnia Batisfera con l\u2019intrigante scrittura di \u201cLingua di vitello\u201d.<\/SPAN><\/p>\n<p><SPAN style=\"FONT-FAMILY: 'Verdana', 'sans-serif'; FONT-SIZE: 11pt\">&nbsp;<\/SPAN><\/p>\n<p><SPAN style=\"FONT-FAMILY: 'Verdana', 'sans-serif'; FONT-SIZE: 11pt\">Dal teatro contemporaneo alla danza per quattro appuntamenti tutti incentrati sulla Compagnia Karalis Ballet: il 26 febbraio le coreografie \u201cDonde muere el tango\u201d, il giorno successivo sempre la compagnia diretta dalla coreografa russa Elena Sakharova propone \u201cRitorno all\u2019origine\u201d. La parentesi riservata alla danza prosegue sabato 5 marzo, con il balletto drammatico in un atto \u201cCarmen\u201d eseguito dai danzatori del Kralis Ballet e si chiude il giorno successivo con la replica di \u201cDonde muere el tango\u201d. <\/SPAN><\/p>\n<p><SPAN style=\"FONT-FAMILY: 'Verdana', 'sans-serif'; FONT-SIZE: 11pt\">&nbsp;<\/SPAN><\/p>\n<p><SPAN style=\"FONT-FAMILY: 'Verdana', 'sans-serif'; FONT-SIZE: 11pt\">I Figli d\u2019Arte Medas sono protagonisti il 12 marzo, dello spettacolo di narrazione con musiche di scena \u201cI giganti di Monti\u2019e Prama\u201d con Gianluca Medas (voce narrante) e le musiche originali di Baska (Andrea Congia alla chitarra classica, efx, Arrogalla live electronics, dubbing e Massimo Loriga sax, trunfa, sulitu, sonete, flauto traverso). Ancora Gianluca Medas accompagnato da Andra Congia ed Enzo Favata, il 13 marzo propongono l\u2019omaggio a Sergio Atzeni con il recital \u201cPassavamo leggeri sulla terra\u201d. <\/SPAN><\/p>\n<p><SPAN style=\"FONT-FAMILY: 'Verdana', 'sans-serif'; FONT-SIZE: 11pt\">&nbsp;<\/SPAN><\/p>\n<p><SPAN style=\"FONT-FAMILY: 'Verdana', 'sans-serif'; FONT-SIZE: 11pt\">Di nuovo le opere dello scrittore cagliaritano Sergio Atzeni si prestano alla messa in scena di \u201cRacconti con colonna sonora\u201d proposto da Mekenes Teatro per il 19 marzo. Il giorno seguente la compagnia formata da Piero Murenu e Juri Orr\u00f9 con le musiche eseguite da Mattia Pegna interpretano \u201cNovecento\u201d liberamente tratto dal romanzo di Alessandro Baricco. <\/SPAN><\/p>\n<p><SPAN style=\"FONT-FAMILY: 'Verdana', 'sans-serif'; FONT-SIZE: 11pt\">&nbsp;<\/SPAN><\/p>\n<p><SPAN style=\"FONT-FAMILY: 'Verdana', 'sans-serif'; FONT-SIZE: 11pt\">L\u2019ultima settimana di marzo invece, a grande attesa ritornano sul palcoscenico di Piazzetta Dettori, Tiziana Troja e Michela Sale Musio di Lucido Sottile con l\u2019esordio dell\u2019ultima fatica artistica delle attrici, \u201cDissacrantemente lucide\u201d in programma sabato 26 e domenica 27 marzo. Il mese di aprile il 2, sar\u00e0 in scena la musica leggera con una coppia di giovanissimi cantanti dell\u2019Associazione Fiori nel deserto con il concerto dal titolo <B style=\"mso-bidi-font-weight: normal\">\u201c<\/B>Nuovi Talenti Per Cambiare Musica In Citt\u00e0\u201d e il giorno dopo la stessa compagnia propone lo spettacolo \u201cUn girotondo d\u2019amore\u201d. Il sipario sulla seconda edizione di Cagliari a Teatro cala il 9 e 10 aprile, sull\u2019interpretazione della celebre commedia di Moli\u00e8re \u201cIl malato immaginario\u201d nella rilettura realizzata da Teatro Impossibile. Red-com<\/SPAN><\/p>\n<p><SPAN style=\"FONT-FAMILY: 'Verdana', 'sans-serif'; FONT-SIZE: 11pt\"><\/SPAN>&nbsp;<\/p>\n<p><SPAN style=\"FONT-FAMILY: 'Verdana', 'sans-serif'; FONT-SIZE: 11pt\"><\/SPAN>&nbsp;<\/p>\n","protected":false},"excerpt":{"rendered":"<p>Ritorna per il secondo anno all\u2019Auditorium Comunale la rassegna Cagliari a Teatro. L\u2019iniziativa nata nel 2010 come attivit\u00e0 collaterale della Scuola D\u2019Arte Drammatica di Cagliari&#8230;<\/p>\n","protected":false},"author":2,"featured_media":0,"comment_status":"closed","ping_status":"closed","sticky":false,"template":"","format":"standard","meta":[],"categories":[49],"tags":[],"_links":{"self":[{"href":"https:\/\/www.cronacaonline.it\/index.php\/wp-json\/wp\/v2\/posts\/84421"}],"collection":[{"href":"https:\/\/www.cronacaonline.it\/index.php\/wp-json\/wp\/v2\/posts"}],"about":[{"href":"https:\/\/www.cronacaonline.it\/index.php\/wp-json\/wp\/v2\/types\/post"}],"author":[{"embeddable":true,"href":"https:\/\/www.cronacaonline.it\/index.php\/wp-json\/wp\/v2\/users\/2"}],"replies":[{"embeddable":true,"href":"https:\/\/www.cronacaonline.it\/index.php\/wp-json\/wp\/v2\/comments?post=84421"}],"version-history":[{"count":0,"href":"https:\/\/www.cronacaonline.it\/index.php\/wp-json\/wp\/v2\/posts\/84421\/revisions"}],"wp:attachment":[{"href":"https:\/\/www.cronacaonline.it\/index.php\/wp-json\/wp\/v2\/media?parent=84421"}],"wp:term":[{"taxonomy":"category","embeddable":true,"href":"https:\/\/www.cronacaonline.it\/index.php\/wp-json\/wp\/v2\/categories?post=84421"},{"taxonomy":"post_tag","embeddable":true,"href":"https:\/\/www.cronacaonline.it\/index.php\/wp-json\/wp\/v2\/tags?post=84421"}],"curies":[{"name":"wp","href":"https:\/\/api.w.org\/{rel}","templated":true}]}}