{"id":84420,"date":"2011-01-25T15:13:57","date_gmt":"2011-01-25T14:13:57","guid":{"rendered":"http:\/\/www.cronacaonline.it\/public\/content\/index.php\/25\/01\/2011\/berlusconi-non-si-tocca-e-gli-ex-pidiellini-bocciano-la-proposta-di-casini"},"modified":"2011-01-25T15:13:57","modified_gmt":"2011-01-25T14:13:57","slug":"berlusconi-non-si-tocca-e-gli-ex-pidiellini-bocciano-la-proposta-di-casini","status":"publish","type":"post","link":"https:\/\/www.cronacaonline.it\/index.php\/2011\/01\/25\/berlusconi-non-si-tocca-e-gli-ex-pidiellini-bocciano-la-proposta-di-casini\/","title":{"rendered":"Berlusconi non si tocca e gli ex pidiellini bocciano la proposta di Casini"},"content":{"rendered":"<p><SPAN class=apple-style-span><SPAN style=\"LINE-HEIGHT: 115%; FONT-FAMILY: 'Verdana', 'sans-serif'; COLOR: black; FONT-SIZE: 10pt; mso-bidi-font-family: Arial\">La metafora di un esponente dell\u2019ex Pdl descrive meglio di tante dichiarazioni la situazione nella maggioranza, dove Silvio Berlusconi si sente sempre pi\u00f9 accerchiato. Non a caso la linea dettata da villa San Martino \u00e8 chiarissima: replicare colpo su colpo a quanti, sulla scia del caso Ruby, lo attaccano e ne chiedono le dimissioni.<\/SPAN><\/SPAN><SPAN class=apple-converted-space><SPAN style=\"LINE-HEIGHT: 115%; FONT-FAMILY: 'Verdana', 'sans-serif'; COLOR: black; FONT-SIZE: 10pt; mso-bidi-font-family: Arial\">&nbsp;<\/SPAN><\/SPAN><\/p>\n<p><SPAN class=apple-style-span><SPAN style=\"LINE-HEIGHT: 115%; FONT-FAMILY: 'Verdana', 'sans-serif'; COLOR: black; FONT-SIZE: 10pt; mso-bidi-font-family: Arial\">Dal centrodestra partono cos\u00ec bordate all'indirizzo di Emma Marcegaglia, che ieri aveva accusato l'esecutivo di immobilismo. \"Il governo - le replica il capogruppo, Fabrizio Cicchitto - \u00e8 tutt'altro che immobile\" come dimostrano le azioni in materia di sicurezza, lavoro e universit\u00e0. Persino il solitamente cauto portavoce del Cavaliere, Paolo Bonaiuti, risponde (pur se indirettamente) al presidente di Confindustria: \"Quella che non abbiamo fatto nulla e' una balla colossale\".<\/SPAN><\/SPAN><SPAN class=apple-converted-space><SPAN style=\"LINE-HEIGHT: 115%; FONT-FAMILY: 'Verdana', 'sans-serif'; COLOR: black; FONT-SIZE: 10pt; mso-bidi-font-family: Arial\">&nbsp;<\/SPAN><\/SPAN><\/p>\n<p><SPAN class=apple-style-span><SPAN style=\"LINE-HEIGHT: 115%; FONT-FAMILY: 'Verdana', 'sans-serif'; COLOR: black; FONT-SIZE: 10pt; mso-bidi-font-family: Arial\">Ma i cannoni del Pdl sono puntati soprattutto contro Pier Ferdinando Casini. La proposta del leader centrista \u00e8 chiarissima: Berlusconi faccia un passo indietro, lasci palazzo Chigi ad un'altra personalit\u00e0 del Pdl e l'Udc sosterr\u00e0 il governo. Un modo di solleticare i dubbi di quanti (anche nella maggioranza) vedono in un passo indietro del premier l'unico modo per uscire dall'impasse. Facile comprendere l'irritazione del Cavaliere verso l'ex presidente della Camera, contro il quale parte la grancassa berlusconiana, riassumibile con le parole di Mariastella Gelmini che parla di \"proposta irricevibile\".<\/SPAN><\/SPAN><SPAN class=apple-converted-space><SPAN style=\"LINE-HEIGHT: 115%; FONT-FAMILY: 'Verdana', 'sans-serif'; COLOR: black; FONT-SIZE: 10pt; mso-bidi-font-family: Arial\">&nbsp;<\/SPAN><\/SPAN><\/p>\n<p><SPAN class=apple-style-span><SPAN style=\"LINE-HEIGHT: 115%; FONT-FAMILY: 'Verdana', 'sans-serif'; COLOR: black; FONT-SIZE: 10pt; mso-bidi-font-family: Arial\">Reazioni che fanno allargare le braccia al diretto interessato: \"Me lo aspettavo, al Pdl sta piu' a cuore il destino di Berlusconi che quello del Paese\", dice laconico Casini. Che pero' deve incassare anche un rimbrotto dal Pd, che con Massimo D'Alema giudica la sua proposta fuori tempo massimo. \"Servirebbe un governo costituente che vada da Vendola a Fini\", rilancia l'esponente del Pd.<\/SPAN><\/SPAN><SPAN class=apple-converted-space><SPAN style=\"LINE-HEIGHT: 115%; FONT-FAMILY: 'Verdana', 'sans-serif'; COLOR: black; FONT-SIZE: 10pt; mso-bidi-font-family: Arial\">&nbsp;<\/SPAN><\/SPAN><\/p>\n<p><SPAN class=apple-style-span><SPAN style=\"LINE-HEIGHT: 115%; FONT-FAMILY: 'Verdana', 'sans-serif'; COLOR: black; FONT-SIZE: 10pt; mso-bidi-font-family: Arial\">Resta il fatto che Berlusconi si sente accerchiato. Chi lo ha sentito giura che non gli manca il buon umore. Forse anche perch\u00e9 dalla Chiesa non \u00e8 arrivata quella 'spallata' che qualcuno paventava. Nessuno arriva a negare che nelle parole di Angelo Bagnasco, presidente della Cei, ci fosse un duro richiamo al presidente del Consiglio (tra l'altro il terzo, dopo quelli di Bertone e dello stesso Pontefice), ma l'appello al senso di responsabilit\u00e0 da parte di tutti viene letto come la prova che il Vaticano predilige la stabilit\u00e0 delle istituzioni ad una crisi del sistema. Insomma: poteva andare peggio, secondo il Cavaliere. \"Berlusconi non e' certamente ben visto, ma al momento Oltretevere non vedono nessun altro e dunque scelgono una posizione attendista\", e' la sintesi di un cattolico pidiellino. E cos, anche per ridimensionare la terza 'bacchettata' della Chiesa in pochi giorni al premier, dal Pdl \u00e8 tutto un guardare al bicchiere mezzo pieno, come ripetono Maurizio Sacconi, Gaetano Quagliariello, Osvaldo Napoli.<\/SPAN><\/SPAN><SPAN class=apple-converted-space><SPAN style=\"LINE-HEIGHT: 115%; FONT-FAMILY: 'Verdana', 'sans-serif'; COLOR: black; FONT-SIZE: 10pt; mso-bidi-font-family: Arial\">&nbsp;<\/SPAN><\/SPAN><\/p>\n<p><SPAN class=apple-style-span><SPAN style=\"LINE-HEIGHT: 115%; FONT-FAMILY: 'Verdana', 'sans-serif'; COLOR: black; FONT-SIZE: 10pt; mso-bidi-font-family: Arial\">Ma il fronte Vaticano \u00e8 solo uno dei tanti aperti nella maggioranza. Le parole di Gianfranco Fini la dicono lunga sullo stato dei rapporti fra la terza carica dello Stato e il Cavaliere: L'Italia ha bisogno di un centrodestra che abbia \"senso dello Stato e rispetto per le istituzioni\", tuona il presidente della Camera da Ancona, da dove nel distinguere fra presunzione di innocenza e presunzione di \"impunita\"', chiede che la magistratura accerti quanto \u00e8 veramente successo.<\/SPAN><\/SPAN><SPAN class=apple-converted-space><SPAN style=\"LINE-HEIGHT: 115%; FONT-FAMILY: 'Verdana', 'sans-serif'; COLOR: black; FONT-SIZE: 10pt; mso-bidi-font-family: Arial\">&nbsp;<\/SPAN><\/SPAN><SPAN style=\"FONT-FAMILY: 'Verdana', 'sans-serif'\"><BR style=\"mso-special-character: line-break\"><BR style=\"mso-special-character: line-break\"><\/SPAN><\/p>\n<p><SPAN class=apple-style-span><SPAN style=\"LINE-HEIGHT: 115%; FONT-FAMILY: 'Verdana', 'sans-serif'; COLOR: black; FONT-SIZE: 10pt; mso-bidi-font-family: Arial\">Parole che confermano come i numeri risicati di Montecitorio restino il problema pi\u00f9 serio di Berlusconi. L'operazione \"responsabili\" non ha rafforzato la maggioranza, che resta appesa a qualche voto di vantaggio sulle opposizioni. E la decisione di andare alla conta sulla sfiducia a Sandro Bondi sembra pi\u00f9 un modo di uscire dal \"bunker\" in cui l'affaire Ruby lo ha cacciato che una dimostrazione di forza. Il problema \u00e8 che, come spiega un fedelissimo berlusconiano, il boccino resta nelle mani della Lega. Il partito di Umberto Bossi, pur di portare a casa il federalismo, e' pronto a scendere a compromessi con l'opposizione come dimostra l'apertura sul testo fatta da Roberto Calderoli per strappare il via libera dei comuni. Ma la strada resta stretta e passa proprio per il s\u00ec alla riforma voluta dal Carroccio. Non a caso Enrico Letta (Pd) cerca di tentare incunearsi fra Umberto Bossi e il Cavaliere, chiedendo la testa del premier in cambio del federalismo.<\/SPAN><\/SPAN><\/SPAN><SPAN style=\"FONT-FAMILY: 'Verdana', 'sans-serif'\"><\/SPAN><\/p>\n","protected":false},"excerpt":{"rendered":"<p>La metafora di un esponente dell\u2019ex Pdl descrive meglio di tante dichiarazioni la situazione nella maggioranza, dove Silvio Berlusconi si sente sempre pi\u00f9 accerchiato. Non&#8230;<\/p>\n","protected":false},"author":2,"featured_media":0,"comment_status":"closed","ping_status":"closed","sticky":false,"template":"","format":"standard","meta":[],"categories":[49],"tags":[],"_links":{"self":[{"href":"https:\/\/www.cronacaonline.it\/index.php\/wp-json\/wp\/v2\/posts\/84420"}],"collection":[{"href":"https:\/\/www.cronacaonline.it\/index.php\/wp-json\/wp\/v2\/posts"}],"about":[{"href":"https:\/\/www.cronacaonline.it\/index.php\/wp-json\/wp\/v2\/types\/post"}],"author":[{"embeddable":true,"href":"https:\/\/www.cronacaonline.it\/index.php\/wp-json\/wp\/v2\/users\/2"}],"replies":[{"embeddable":true,"href":"https:\/\/www.cronacaonline.it\/index.php\/wp-json\/wp\/v2\/comments?post=84420"}],"version-history":[{"count":0,"href":"https:\/\/www.cronacaonline.it\/index.php\/wp-json\/wp\/v2\/posts\/84420\/revisions"}],"wp:attachment":[{"href":"https:\/\/www.cronacaonline.it\/index.php\/wp-json\/wp\/v2\/media?parent=84420"}],"wp:term":[{"taxonomy":"category","embeddable":true,"href":"https:\/\/www.cronacaonline.it\/index.php\/wp-json\/wp\/v2\/categories?post=84420"},{"taxonomy":"post_tag","embeddable":true,"href":"https:\/\/www.cronacaonline.it\/index.php\/wp-json\/wp\/v2\/tags?post=84420"}],"curies":[{"name":"wp","href":"https:\/\/api.w.org\/{rel}","templated":true}]}}