{"id":84408,"date":"2011-01-26T15:13:57","date_gmt":"2011-01-26T14:13:57","guid":{"rendered":"http:\/\/www.cronacaonline.it\/public\/content\/index.php\/26\/01\/2011\/assessore-sanita-regione-sardegna-non-ce-stato-alcun-taglio-nella-sanita-privata-convenzionata"},"modified":"2011-01-26T15:13:57","modified_gmt":"2011-01-26T14:13:57","slug":"assessore-sanita-regione-sardegna-non-ce-stato-alcun-taglio-nella-sanita-privata-convenzionata","status":"publish","type":"post","link":"https:\/\/www.cronacaonline.it\/index.php\/2011\/01\/26\/assessore-sanita-regione-sardegna-non-ce-stato-alcun-taglio-nella-sanita-privata-convenzionata\/","title":{"rendered":"Assessore Sanit\u00e0 Regione Sardegna: &#8216;Non c&#8217;\u00e8 stato alcun taglio nella sanit\u00e0 privata convenzionata&#8217;"},"content":{"rendered":"<p><SPAN style=\"FONT-FAMILY: 'Verdana', 'sans-serif'; mso-fareast-language: IT\">\"Non c'\u00e8 stato alcun taglio in tema di sanit\u00e0 privata convenzionata. Anzi, proprio la societ\u00e0 Kinetica, che lamenta di aver subito un taglio di 5 milioni di euro, tra il 2009 ed il 2010 ha avuto un incremento del tetto di spesa del 5,3%, e nello specifico il policlinico \"Citt\u00e0 di Quartu\" di 1 milione 146.000 euro.\" Lo ha detto l'assessore regionale della Sanit\u00e0, Antonello Liori, rispondendo alle polemiche scaturite dopo la decisione della struttura sanitaria privata di chiudere il reparto di ostetricia. \"La Giunta regionale approva i tetti di spesa per i contratti tra le Aziende sanitarie e gli erogatori privati fino al 2012, secondo i limiti imposti dal 'Piano di rientr\u00f2, sottoscritto coi Ministeri delle Finanze e della Salute, e perci\u00f2 invalicabili, fatte salve eventuali modifiche conseguenti alla prossima riorganizzazione del Sistema sanitario regionale. Peraltro, dalla cifra totale si evidenzia che non c'\u00e8 stato alcun taglio in tema di sanit\u00e0 privata convenzionata, infatti lo stanziamento \u00e8 il medesimo del 2009: 102 milioni di euro. Le scelte sono di sistema e riguardano tutte le strutture private, alle quali la Regione riconosce un ruolo importante nell\u2019erogazioni di servizi ai cittadini\u201d.<\/SPAN><SPAN style=\"LINE-HEIGHT: 115%; FONT-FAMILY: 'Verdana', 'sans-serif'; FONT-SIZE: 8.5pt; mso-bidi-font-family: 'Times New Roman'; mso-fareast-language: IT\"><\/SPAN><\/p>\n<p><SPAN style=\"FONT-FAMILY: 'Verdana', 'sans-serif'; mso-fareast-language: IT\">\u201cPer quanto riguarda la cosiddetta \u2018compensazione tra aziende\u2019, non ha alcun senso dire che ne avrei impedito l'attuazione, soprattutto se i gestori privati sono perfettamente a conoscenza che questa pratica \u00e8 stata ritenuta illegittima dal Ministero delle Finanze e quindi proibita alle Regioni sottoposte a \u2018Piano di rientr\u00f2. Perci\u00f2, quel meccanismo che ha consentito ad alcuni di realizzare importanti profitti, grazie soprattutto alla situazione particolare di altre cliniche private, non \u00e8 pi\u00f9 praticabile. Si \u00e8 trattato di un sistema unico ed irripetibile. E' troppo facile attribuire alla Regione scelte che solo esclusivamente di carattere imprenditoriale. Ci\u00f2 detto, non dovrebbero essere i lavoratori a pagare per questa situazione, perci\u00f2 sar\u00e0 forte il mio impegno ad ascoltare le parti al fine di&nbsp;trovare un accordo che salvaguardi i posti di lavoro. Senza dimenticare che tra i criteri di accreditamento delle strutture sanitarie esiste anche un parametro che riguarda il personale, pena il ritiro delle convenzioni\u201d. Red<\/SPAN><\/p>\n","protected":false},"excerpt":{"rendered":"<p>&#8220;Non c&#8217;\u00e8 stato alcun taglio in tema di sanit\u00e0 privata convenzionata. Anzi, proprio la societ\u00e0 Kinetica, che lamenta di aver subito un taglio di 5&#8230;<\/p>\n","protected":false},"author":2,"featured_media":0,"comment_status":"closed","ping_status":"closed","sticky":false,"template":"","format":"standard","meta":[],"categories":[49],"tags":[],"_links":{"self":[{"href":"https:\/\/www.cronacaonline.it\/index.php\/wp-json\/wp\/v2\/posts\/84408"}],"collection":[{"href":"https:\/\/www.cronacaonline.it\/index.php\/wp-json\/wp\/v2\/posts"}],"about":[{"href":"https:\/\/www.cronacaonline.it\/index.php\/wp-json\/wp\/v2\/types\/post"}],"author":[{"embeddable":true,"href":"https:\/\/www.cronacaonline.it\/index.php\/wp-json\/wp\/v2\/users\/2"}],"replies":[{"embeddable":true,"href":"https:\/\/www.cronacaonline.it\/index.php\/wp-json\/wp\/v2\/comments?post=84408"}],"version-history":[{"count":0,"href":"https:\/\/www.cronacaonline.it\/index.php\/wp-json\/wp\/v2\/posts\/84408\/revisions"}],"wp:attachment":[{"href":"https:\/\/www.cronacaonline.it\/index.php\/wp-json\/wp\/v2\/media?parent=84408"}],"wp:term":[{"taxonomy":"category","embeddable":true,"href":"https:\/\/www.cronacaonline.it\/index.php\/wp-json\/wp\/v2\/categories?post=84408"},{"taxonomy":"post_tag","embeddable":true,"href":"https:\/\/www.cronacaonline.it\/index.php\/wp-json\/wp\/v2\/tags?post=84408"}],"curies":[{"name":"wp","href":"https:\/\/api.w.org\/{rel}","templated":true}]}}