{"id":84385,"date":"2011-01-23T15:13:57","date_gmt":"2011-01-23T14:13:57","guid":{"rendered":"http:\/\/www.cronacaonline.it\/public\/content\/index.php\/23\/01\/2011\/ex-pdl-al-presidente-della-camera-dovrebbe-essere-fini-a-dimettersi"},"modified":"2011-01-23T15:13:57","modified_gmt":"2011-01-23T14:13:57","slug":"ex-pdl-al-presidente-della-camera-dovrebbe-essere-fini-a-dimettersi","status":"publish","type":"post","link":"https:\/\/www.cronacaonline.it\/index.php\/2011\/01\/23\/ex-pdl-al-presidente-della-camera-dovrebbe-essere-fini-a-dimettersi\/","title":{"rendered":"Ex Pdl al presidente della Camera: &#8220;Dovrebbe essere Fini a dimettersi&#8221;"},"content":{"rendered":"<p>Fini, avendo chiesto le dimissioni di Berlusconi - ha detto il presidente dei deputati del Pdl Fabrizio Cicchitto- dimostra di non essere affatto super partes e di conseguenza deve essere lui a dimettersi da presidente della Camera e a condurre a viso aperto la sua battaglia politica senza godere di una posizione istituzionale che di per se invece lo pone al di sopra delle parti\". E che Berlusconi rester\u00e0 al suo posto, escludendo ogni ipotesi di staffetta in questa legislatura con altro Premier targato Pdl si chiami Letta, Tremonti o Alfano, \u00e8 lo stesso Guardasigilli.<\/p>\n<p>\"Penso che questo governo andr\u00e0 avanti - ha affermato Alfano ospite di Lucia Annunziata su Raitre a 'In mezz'ora- - per governare il paese occorre vincere elezioni, e nel campo del centrodestra l'unico che le ha vinte \u00e8 stato Berlusconi\". E Berlusconi \"credo si ricandider\u00e0 e rivincer\u00e0 sia se arriveremo a fine legislatura e si voter\u00e0 nel 2013, sia nel caso di elezioni anticipate. La sostanza della democrazia \u00e8 che governa chi vince, non pu\u00f2 governare uno a cui Berlusconi mette la spada sulla spalla\".<\/p>\n<p>A far quadrato attorno al premier, d'altra parte, \u00e8 l'intero stato maggiore del partito. Il coordinatore del Pdl Sandro Bondi ritiene destinato a \"cadere nel vuoto\" l'appello di Maroni per una tregua maggioranza-opposizione.<\/p>\n<p>E tutti i big del partito provenienti da An, con una lettera aperta firmata da La Russa Alemanno Meloni Matteoli e Mantovano hanno assicurato che \"la destra \u00e8 orgogliosa di Berlusoni premier\" , in risposta alla richiesta di dimissioni del Premier per il caso Ruby venuta dal Terzo polo e da Fini.<\/p>\n<p>\"Nessuno - ha ribattuto da quel fronte Casini al 'non ci sto, io resto e non fuggo' pronunciato ieri dal premier- vuole che Berlusconi fugga, vogliamo solo che faccia il suo dovere e vada dai magistrati. E spieghi davanti agli italiani se si occupa dei problemi loro o se \u00e8 impegnato su queste altre cose come dimostrano queste cose che sono uscite\".<\/p>\n","protected":false},"excerpt":{"rendered":"<p>Fini, avendo chiesto le dimissioni di Berlusconi &#8211; ha detto il presidente dei deputati del Pdl Fabrizio Cicchitto- dimostra di non essere affatto super partes&#8230;<\/p>\n","protected":false},"author":2,"featured_media":0,"comment_status":"closed","ping_status":"closed","sticky":false,"template":"","format":"standard","meta":[],"categories":[49],"tags":[],"_links":{"self":[{"href":"https:\/\/www.cronacaonline.it\/index.php\/wp-json\/wp\/v2\/posts\/84385"}],"collection":[{"href":"https:\/\/www.cronacaonline.it\/index.php\/wp-json\/wp\/v2\/posts"}],"about":[{"href":"https:\/\/www.cronacaonline.it\/index.php\/wp-json\/wp\/v2\/types\/post"}],"author":[{"embeddable":true,"href":"https:\/\/www.cronacaonline.it\/index.php\/wp-json\/wp\/v2\/users\/2"}],"replies":[{"embeddable":true,"href":"https:\/\/www.cronacaonline.it\/index.php\/wp-json\/wp\/v2\/comments?post=84385"}],"version-history":[{"count":0,"href":"https:\/\/www.cronacaonline.it\/index.php\/wp-json\/wp\/v2\/posts\/84385\/revisions"}],"wp:attachment":[{"href":"https:\/\/www.cronacaonline.it\/index.php\/wp-json\/wp\/v2\/media?parent=84385"}],"wp:term":[{"taxonomy":"category","embeddable":true,"href":"https:\/\/www.cronacaonline.it\/index.php\/wp-json\/wp\/v2\/categories?post=84385"},{"taxonomy":"post_tag","embeddable":true,"href":"https:\/\/www.cronacaonline.it\/index.php\/wp-json\/wp\/v2\/tags?post=84385"}],"curies":[{"name":"wp","href":"https:\/\/api.w.org\/{rel}","templated":true}]}}