{"id":84377,"date":"2011-01-29T15:13:57","date_gmt":"2011-01-29T14:13:57","guid":{"rendered":"http:\/\/www.cronacaonline.it\/public\/content\/index.php\/29\/01\/2011\/carnevale-olbiese---partono-i-preparativi-per-ledizione-2011-ricca-di-novita"},"modified":"2011-01-29T15:13:57","modified_gmt":"2011-01-29T14:13:57","slug":"carnevale-olbiese-partono-i-preparativi-per-ledizione-2011-ricca-di-novita","status":"publish","type":"post","link":"https:\/\/www.cronacaonline.it\/index.php\/2011\/01\/29\/carnevale-olbiese-partono-i-preparativi-per-ledizione-2011-ricca-di-novita\/","title":{"rendered":"Carnevale olbiese &#8211; Partono i preparativi per l&#8217;edizione 2011 ricca di novit\u00e0."},"content":{"rendered":"<p><SPAN style=\"FONT-FAMILY: 'Verdana', 'sans-serif'; mso-bidi-font-family: Verdana; mso-ansi-language: #03FF\">Sono partiti i lavori volti all'organizzazione della decima edizione di \"Su Carrasegare olbiesu\" da parte dell'Associazione \"Amici del Carnevale olbiese\" attiva sia sul social network Facebook, per cercare di coinvolgere tutte le fasce d'et\u00e0, che sul sito <A href=\"http:\/\/www.carnevaleolbiese.it\/\"><SPAN style=\"COLOR: windowtext; TEXT-DECORATION: none; text-underline: none\">www.carnevaleolbiese.it<\/SPAN><\/A>, riorganizzato per l'occasione e attraverso il quale \u00e8 possibile anche iscrivere i carri allegorici.<\/SPAN><\/p>\n<p><SPAN style=\"FONT-FAMILY: 'Verdana', 'sans-serif'; mso-bidi-font-family: Verdana; mso-ansi-language: #03FF\">&nbsp;<\/SPAN><\/p>\n<p><SPAN style=\"FONT-FAMILY: 'Verdana', 'sans-serif'; mso-bidi-font-family: Verdana; mso-ansi-language: #03FF\">Stefano Canu, presidente dell'Associazione Amici del carnevale olbiese, ha affermato: \"Quella del 2011 sar\u00e0 un'edizione ricca di novit\u00e0, per far questo abbiamo per\u00f2 bisogno della collaborazione di tutta la popolazione, che stiamo cercando di raggiungere attraverso diversi canali, non ultimo Facebook\".<\/SPAN><\/p>\n<p><SPAN style=\"FONT-FAMILY: 'Verdana', 'sans-serif'; mso-bidi-font-family: Verdana; mso-ansi-language: #03FF\">&nbsp;<\/SPAN><\/p>\n<p><SPAN style=\"FONT-FAMILY: 'Verdana', 'sans-serif'; mso-bidi-font-family: Verdana; mso-ansi-language: #03FF\">Confermati alcuni appuntamenti tradizionali, come le sfilate, la storica frittellata in piazza e la festa dei bambini in piazza, ma anche tante le novit\u00e0 in cantiere: in primis il raddoppio delle sfilate e, sulla base dell'impegno profuso nella realizzazione dei carri allegorici, il finanziamento che potranno percepire i gruppi iscritti; sar\u00e0 una commissione tecnica dell'Associazione Amici del carnevale olbiese a valutare le opere.<\/SPAN><\/p>\n<p><SPAN style=\"FONT-FAMILY: 'Verdana', 'sans-serif'; mso-bidi-font-family: Verdana; mso-ansi-language: #03FF\">&nbsp;<\/SPAN><\/p>\n<p><SPAN style=\"FONT-FAMILY: 'Verdana', 'sans-serif'; mso-bidi-font-family: Verdana; mso-ansi-language: #03FF\">Per iscriversi o avere maggiori informazioni \u00e8 sufficiente recarsi nella sede dell\u2019associazione, in via Torino, oppure contattare telefonicamente gli Amici del Carnevale olbiese chiamando il numero 0789\/25680, collegandosi al sito internet <A href=\"http:\/\/www.carnevaleolbiese.it\/\"><SPAN style=\"COLOR: windowtext; TEXT-DECORATION: none; text-underline: none\">www.carnevaleolbiese.it<\/SPAN><\/A> o su Facebook alla pagina \"Carnevale olbiese \u2013 pagina ufficiale\". Com.<\/SPAN><SPAN style=\"FONT-FAMILY: 'Verdana', 'sans-serif'; mso-bidi-font-family: Verdana; mso-ansi-language: #0010\" lang=it><\/SPAN><\/p>\n<p><B style=\"mso-bidi-font-weight: normal\"><SPAN style=\"FONT-FAMILY: 'Verdana', 'sans-serif'; mso-bidi-font-family: Verdana\">&nbsp;<\/SPAN><\/B><\/p>\n","protected":false},"excerpt":{"rendered":"<p>Sono partiti i lavori volti all&#8217;organizzazione della decima edizione di &#8220;Su Carrasegare olbiesu&#8221; da parte dell&#8217;Associazione &#8220;Amici del Carnevale olbiese&#8221; attiva sia sul social network&#8230;<\/p>\n","protected":false},"author":2,"featured_media":0,"comment_status":"closed","ping_status":"closed","sticky":false,"template":"","format":"standard","meta":[],"categories":[49],"tags":[],"_links":{"self":[{"href":"https:\/\/www.cronacaonline.it\/index.php\/wp-json\/wp\/v2\/posts\/84377"}],"collection":[{"href":"https:\/\/www.cronacaonline.it\/index.php\/wp-json\/wp\/v2\/posts"}],"about":[{"href":"https:\/\/www.cronacaonline.it\/index.php\/wp-json\/wp\/v2\/types\/post"}],"author":[{"embeddable":true,"href":"https:\/\/www.cronacaonline.it\/index.php\/wp-json\/wp\/v2\/users\/2"}],"replies":[{"embeddable":true,"href":"https:\/\/www.cronacaonline.it\/index.php\/wp-json\/wp\/v2\/comments?post=84377"}],"version-history":[{"count":0,"href":"https:\/\/www.cronacaonline.it\/index.php\/wp-json\/wp\/v2\/posts\/84377\/revisions"}],"wp:attachment":[{"href":"https:\/\/www.cronacaonline.it\/index.php\/wp-json\/wp\/v2\/media?parent=84377"}],"wp:term":[{"taxonomy":"category","embeddable":true,"href":"https:\/\/www.cronacaonline.it\/index.php\/wp-json\/wp\/v2\/categories?post=84377"},{"taxonomy":"post_tag","embeddable":true,"href":"https:\/\/www.cronacaonline.it\/index.php\/wp-json\/wp\/v2\/tags?post=84377"}],"curies":[{"name":"wp","href":"https:\/\/api.w.org\/{rel}","templated":true}]}}