{"id":79684,"date":"2015-08-27T13:44:49","date_gmt":"2015-08-27T11:44:49","guid":{"rendered":"http:\/\/www.cronacaonline.it\/public\/content\/?p=79684"},"modified":"2015-08-27T13:44:49","modified_gmt":"2015-08-27T11:44:49","slug":"attivita-antidroga-dei-carabinieri-della-compagnia-di-carbonia-contro-il-piccolo-spaccio-nei-locali-pubblici-e-verso-i-giovanissimi","status":"publish","type":"post","link":"https:\/\/www.cronacaonline.it\/index.php\/2015\/08\/27\/attivita-antidroga-dei-carabinieri-della-compagnia-di-carbonia-contro-il-piccolo-spaccio-nei-locali-pubblici-e-verso-i-giovanissimi\/","title":{"rendered":"Attivit\u00e0 antidroga dei carabinieri della compagnia di Carbonia contro il piccolo spaccio nei locali pubblici e verso i giovanissimi."},"content":{"rendered":"<p>Carbonia - Nella prima mattinata di\u00a0oggi,\u00a0i carabinieri della stazione di Carbonia e i colleghi della Stazione di Terulada, hanno arrestato nella flagranza del reato di detenzione ai fini di spaccio di sostanze stupefacenti, Alessio Angioi, di 26 anni, di Carbonia, disoccupato, pregiudicato.<\/p>\n<p>Nei giorni scorsi, nel corso delle attivit\u00e0 di contrasto al fenomeno, sono stati raccolti degli indizi che, soprattutto dopo il fermo di un ragazzo di Cortoghiana con della cocaina, che hanno condotto ad un gruppo di ragazzi di Carbonia, attivi nel piccolo spaccio di stupefacenti in alcuni locali pubblici. Inoltre nei giorni scorsi, in occasione del fermo di uno di essi, tutti gli amici lo aspettarono davanti la caserma della citt\u00e0, per festeggiare un suo scampato pericolo.<\/p>\n<p><a href=\"http:\/\/www.cronacaonline.it\/public\/content\/wp-content\/uploads\/2015\/08\/angioi-alessio.jpg\"><img loading=\"lazy\" class=\" size-medium wp-image-79696 alignleft\" src=\"http:\/\/www.cronacaonline.it\/public\/content\/wp-content\/uploads\/2015\/08\/angioi-alessio-207x300.jpg\" alt=\"angioi alessio\" width=\"207\" height=\"300\" \/><\/a>Pertanto ristretta tale cerchia e avuta la sicurezza della presenza di stupefacente in casa di Agioi, questa mattina \u00e8 stata effettuata una perquisizione domiciliare, nel corso della quale sono stati trovati 6 involucri di cocaina, 3 grammi di hashish, suddivisi in due pezzetti, due bilancini di precisione, un coltello a serramanico con evidenti tracce\u00a0di sostanza stupefacente, un barattolo vuoto contenente residui di marijuana ed un involucro in cellophane contenente 17 grammi di sostanza da taglio per la cocaina.<\/p>\n<p>L\u2019arrestato, su disposizione dell\u2019A.G., informata dal comando dell\u2019Arma di Carbonia, \u00e8 stato accompagnato presso la sua residenza ove rimarr\u00e0 in regime di arresti domiciliari in attesa del processo con rito direttissima, che avr\u00e0 luogo domani presso il Tribunale di Cagliari<\/p>\n<p>&nbsp;<\/p>\n","protected":false},"excerpt":{"rendered":"<p>Carbonia &#8211; Nella prima mattinata di\u00a0oggi,\u00a0i carabinieri della stazione di Carbonia e i colleghi della Stazione di Terulada, hanno arrestato nella flagranza del reato di&#8230;<\/p>\n","protected":false},"author":2,"featured_media":79695,"comment_status":"closed","ping_status":"closed","sticky":false,"template":"","format":"standard","meta":[],"categories":[49,55],"tags":[],"_links":{"self":[{"href":"https:\/\/www.cronacaonline.it\/index.php\/wp-json\/wp\/v2\/posts\/79684"}],"collection":[{"href":"https:\/\/www.cronacaonline.it\/index.php\/wp-json\/wp\/v2\/posts"}],"about":[{"href":"https:\/\/www.cronacaonline.it\/index.php\/wp-json\/wp\/v2\/types\/post"}],"author":[{"embeddable":true,"href":"https:\/\/www.cronacaonline.it\/index.php\/wp-json\/wp\/v2\/users\/2"}],"replies":[{"embeddable":true,"href":"https:\/\/www.cronacaonline.it\/index.php\/wp-json\/wp\/v2\/comments?post=79684"}],"version-history":[{"count":0,"href":"https:\/\/www.cronacaonline.it\/index.php\/wp-json\/wp\/v2\/posts\/79684\/revisions"}],"wp:featuredmedia":[{"embeddable":true,"href":"https:\/\/www.cronacaonline.it\/index.php\/wp-json\/"}],"wp:attachment":[{"href":"https:\/\/www.cronacaonline.it\/index.php\/wp-json\/wp\/v2\/media?parent=79684"}],"wp:term":[{"taxonomy":"category","embeddable":true,"href":"https:\/\/www.cronacaonline.it\/index.php\/wp-json\/wp\/v2\/categories?post=79684"},{"taxonomy":"post_tag","embeddable":true,"href":"https:\/\/www.cronacaonline.it\/index.php\/wp-json\/wp\/v2\/tags?post=79684"}],"curies":[{"name":"wp","href":"https:\/\/api.w.org\/{rel}","templated":true}]}}