{"id":75776,"date":"2012-12-01T00:00:00","date_gmt":"2012-11-30T23:00:00","guid":{"rendered":"http:\/\/www.cronacaonline.it\/public\/content\/index.php\/2012\/12\/01\/il-governo-vara-il-decreto-sullilva-e-il-gip-afferma-che-la-nuova-aia-non-cancella-lemergenza-ambientale\/"},"modified":"2012-12-01T00:00:00","modified_gmt":"2012-11-30T23:00:00","slug":"il-governo-vara-il-decreto-sullilva-e-il-gip-afferma-che-la-nuova-aia-non-cancella-lemergenza-ambientale","status":"publish","type":"post","link":"https:\/\/www.cronacaonline.it\/index.php\/2012\/12\/01\/il-governo-vara-il-decreto-sullilva-e-il-gip-afferma-che-la-nuova-aia-non-cancella-lemergenza-ambientale\/","title":{"rendered":"Il Governo vara il decreto sull&#8217;Ilva e il Gip afferma che la nuova Aia non cancella l&#8217;emergenza ambientale"},"content":{"rendered":"<p>Il decreto legge sull'Ilva approvato dal Consiglio dei ministri rischia di aprire un contenzioso giuridico con i magistrati tarantini. La Procura ionica, infatti, starebbe valutando l'eventualit\u00e0 di chiedere ai giudici che sia proposta eccezione di incostituzionalit\u00e0 del decreto legge o di sollevare conflitto di attribuzione tra poteri dello Stato in relazione allo stesso decreto.<\/p>\n<p>L'occasione potrebbe essere l'udienza del 6 dicembre prossimo dinanzi al Tribunale del Riesame sulla richiesta dell'Ilva di dissequestrare il prodotto finito e semilavorato, giacente sulle banchine del porto, al quale sono stati posti i sigilli il 26 novembre scorso. Per l'Associazione nazionale magistrati, intanto, \"il governo si \u00e8 assunto la grave responsabilit\u00e0 di vanificare le finalit\u00e0 preventive dei provvedimenti di sequestro\". <\/p>\n<p>Lo ha detto il segretario dell'Anm, e pm a Taranto, Maurizio Carbone, ricordando che quei provvedimenti sono stati emessi per \"salvaguardare la salute di una intera collettivit\u00e0 dal pericolo attuale e concreto di gravi danni\". Tutto questo tenendo conto che si e' di fronte \"ad una situazione complessa e con gravi ripercussioni occupazionali\". Per Carbone, peraltro, \"resta tutta da verificare la effettiva disponibilit\u00e0 dell'azienda ad investire i capitali necessari per mettere a norma l'impianto e ad adempiere alle prescrizioni contenute nell'Aia\", dal momento che \"sino ad ora la propriet\u00e0 ha dimostrato di volersi sottrarre all'esecuzione di ogni provvedimento emesso dalla magistratura\". <\/p>\n<p>Poche ore prima che arrivasse il decreto legge del governo, il gip Patrizia Todisco aveva rigettato per la seconda volta l'istanza di dissequestro degli impianti , avanzata dall'Ilva, scrivendo un'ordinanza durissima anche contro la nuova Aia rilasciata dal ministero dell'Ambiente il 26 ottobre. La nuova Aia, scrive il giudice, non \u00e8 fondata su \"specifici studi o accertamenti di tipo tecnico-scientifico\" in grado di \"confutare le evidenze probatorie\" che denunciano \"l'esistenza, nella zona del Tarantino, di una grave ed attualissima situazione di emergenza ambientale e sanitaria\" imputabile alle emissioni dell'Ilva.<\/p>\n<p>I tempi di realizzazione della nuova Aia sono poi \"incompatibili con le improcrastinabili esigenze di tutela della salute della popolazione locale e dei lavoratori del Siderurgico\", tutela che \"non pu\u00f2 essere sospesa senza incorrere in una inammissibile violazione dei principi&nbsp; costituzionali\" (articoli 32 e 41). In definitiva, scrive il gip, bisogna prima risanare gli impianti e poi produrre.<\/p>\n","protected":false},"excerpt":{"rendered":"<p>Il decreto legge sull&#8217;Ilva approvato dal Consiglio dei ministri rischia di aprire un contenzioso giuridico con i magistrati tarantini. La Procura ionica, infatti, starebbe valutando&#8230;<\/p>\n","protected":false},"author":2,"featured_media":0,"comment_status":"closed","ping_status":"closed","sticky":false,"template":"","format":"standard","meta":[],"categories":[49],"tags":[],"_links":{"self":[{"href":"https:\/\/www.cronacaonline.it\/index.php\/wp-json\/wp\/v2\/posts\/75776"}],"collection":[{"href":"https:\/\/www.cronacaonline.it\/index.php\/wp-json\/wp\/v2\/posts"}],"about":[{"href":"https:\/\/www.cronacaonline.it\/index.php\/wp-json\/wp\/v2\/types\/post"}],"author":[{"embeddable":true,"href":"https:\/\/www.cronacaonline.it\/index.php\/wp-json\/wp\/v2\/users\/2"}],"replies":[{"embeddable":true,"href":"https:\/\/www.cronacaonline.it\/index.php\/wp-json\/wp\/v2\/comments?post=75776"}],"version-history":[{"count":0,"href":"https:\/\/www.cronacaonline.it\/index.php\/wp-json\/wp\/v2\/posts\/75776\/revisions"}],"wp:attachment":[{"href":"https:\/\/www.cronacaonline.it\/index.php\/wp-json\/wp\/v2\/media?parent=75776"}],"wp:term":[{"taxonomy":"category","embeddable":true,"href":"https:\/\/www.cronacaonline.it\/index.php\/wp-json\/wp\/v2\/categories?post=75776"},{"taxonomy":"post_tag","embeddable":true,"href":"https:\/\/www.cronacaonline.it\/index.php\/wp-json\/wp\/v2\/tags?post=75776"}],"curies":[{"name":"wp","href":"https:\/\/api.w.org\/{rel}","templated":true}]}}