{"id":75775,"date":"2012-12-28T00:00:00","date_gmt":"2012-12-27T23:00:00","guid":{"rendered":"http:\/\/www.cronacaonline.it\/public\/content\/index.php\/2012\/12\/28\/strada-di-santa-giusta-il-governatore-cappellacci-ha-firmato-il-decreto-di-nomina-di-marco-pisanu-a-commissario-straordinario\/"},"modified":"2012-12-28T00:00:00","modified_gmt":"2012-12-27T23:00:00","slug":"strada-di-santa-giusta-il-governatore-cappellacci-ha-firmato-il-decreto-di-nomina-di-marco-pisanu-a-commissario-straordinario","status":"publish","type":"post","link":"https:\/\/www.cronacaonline.it\/index.php\/2012\/12\/28\/strada-di-santa-giusta-il-governatore-cappellacci-ha-firmato-il-decreto-di-nomina-di-marco-pisanu-a-commissario-straordinario\/","title":{"rendered":"Strada di santa giusta: Il governatore Cappellacci ha firmato il decreto di nomina di Marco Pisanu a commissario straordinario."},"content":{"rendered":"<p>L'Amministrazione comunale di Nulvi e il sindaco Mario Buscarinu comunicano con soddisfazione che il governatore della Regione Sardegna Ugo Cappellacci ha firmato il decreto di nomina del commissario straordinario, Marco Pisanu, un passo fondamentale verso l'auspicata soluzione della questione legata alla messa in sicurezza e provincializzazione della strada di Santa Giusta.<\/p>\n<p>Dopo il positivo e produttivo incontro andato in scena a Sassari lo scorso 3 dicembre 2012, con il presidente della Provincia di Sassari Alessandra Giudici, l'Unione dei Comuni e l'assessore regionale agli Enti Locali Nicol\u00f2 Rassu a ragionare attorno ad un tavolo in piena sinergia, la nomina del commissario straordinario rappresenta un ulteriore e positivo passo che far\u00e0 da viatico alla firma del protocollo di intesa fra Unione e Regione in programma per i primi giorni del 2013 (orientativamente fra il 3 e il 4 gennaio).<\/p>\n<p>Sul tema Santa Giusta la volont\u00e0 della Provincia di Sassari e del presidente Alessandra Giudici c'\u00e8, ed \u00e8 piena unita alla disponibilit\u00e0 a realizzare il progetto della strada (tempo previsto tre mesi circa). La provincializzazione sar\u00e0 successiva alla messa in sicurezza della strada attraverso lo sfruttamento dei fondi regionali stanziati (480mila euro) da parte dell'Unione dei Comuni, fondi che post valutazione tecnica risultano almeno da raddoppiare per arrivare ad una cifra che consenta di svolgere opere di bitumazione, realizzazione di banchine in calcestruzzo, interventi nei punti critici e segnaletica. L'assessore regionale Nicol\u00f2 Rassu si \u00e8 impegnato a cercare di reperire ulteriori fondi, attraverso una rimodulazione del PIA, in collaborazione con gli assessorati alla Programmazione ed al Bilancio della Regione Sardegna ed in accordo con il neo nominato commissario Marco Pisanu.<\/p>\n<p>Mario Buscarinu sindaco di Nulvi: \u00abQuesto \u00e8 un nuovo importante traguardo raggiunto per il Comune di Nulvi, per l'Unione dei Comuni, la Provincia di Sassari e la Regione Sardegna. Testimonianza dell'impegno profuso alla ricerca di un successo slegato da personalismi o campanili, di un agire orientato verso la soddisfazione di un bisogno primario dei cittadini nulvesi e dell'Anglona. La sinergia ha prodotto un risultato importante: c'\u00e8 ancora da lavorare ma quel che \u00e8 certo \u00e8 che non molleremo la presa\u00bb.<\/p>\n","protected":false},"excerpt":{"rendered":"<p>L&#8217;Amministrazione comunale di Nulvi e il sindaco Mario Buscarinu comunicano con soddisfazione che il governatore della Regione Sardegna Ugo Cappellacci ha firmato il decreto di&#8230;<\/p>\n","protected":false},"author":2,"featured_media":0,"comment_status":"closed","ping_status":"closed","sticky":false,"template":"","format":"standard","meta":[],"categories":[49],"tags":[],"_links":{"self":[{"href":"https:\/\/www.cronacaonline.it\/index.php\/wp-json\/wp\/v2\/posts\/75775"}],"collection":[{"href":"https:\/\/www.cronacaonline.it\/index.php\/wp-json\/wp\/v2\/posts"}],"about":[{"href":"https:\/\/www.cronacaonline.it\/index.php\/wp-json\/wp\/v2\/types\/post"}],"author":[{"embeddable":true,"href":"https:\/\/www.cronacaonline.it\/index.php\/wp-json\/wp\/v2\/users\/2"}],"replies":[{"embeddable":true,"href":"https:\/\/www.cronacaonline.it\/index.php\/wp-json\/wp\/v2\/comments?post=75775"}],"version-history":[{"count":0,"href":"https:\/\/www.cronacaonline.it\/index.php\/wp-json\/wp\/v2\/posts\/75775\/revisions"}],"wp:attachment":[{"href":"https:\/\/www.cronacaonline.it\/index.php\/wp-json\/wp\/v2\/media?parent=75775"}],"wp:term":[{"taxonomy":"category","embeddable":true,"href":"https:\/\/www.cronacaonline.it\/index.php\/wp-json\/wp\/v2\/categories?post=75775"},{"taxonomy":"post_tag","embeddable":true,"href":"https:\/\/www.cronacaonline.it\/index.php\/wp-json\/wp\/v2\/tags?post=75775"}],"curies":[{"name":"wp","href":"https:\/\/api.w.org\/{rel}","templated":true}]}}