{"id":75755,"date":"2012-12-06T00:00:00","date_gmt":"2012-12-05T23:00:00","guid":{"rendered":"http:\/\/www.cronacaonline.it\/public\/content\/index.php\/2012\/12\/06\/ordinanza-anas-per-ss-131-scanu-soddisfazione-per-una-soluzione-equilibrata\/"},"modified":"2012-12-06T00:00:00","modified_gmt":"2012-12-05T23:00:00","slug":"ordinanza-anas-per-ss-131-scanu-soddisfazione-per-una-soluzione-equilibrata","status":"publish","type":"post","link":"https:\/\/www.cronacaonline.it\/index.php\/2012\/12\/06\/ordinanza-anas-per-ss-131-scanu-soddisfazione-per-una-soluzione-equilibrata\/","title":{"rendered":"Ordinanza Anas per SS 131: Scanu &#8220;Soddisfazione per una soluzione equilibrata&#8221;"},"content":{"rendered":"<p>Confindustria Sardegna esprime soddisfazione per la positiva conclusione dell\u2019incontro odierno con i rappresentanti di Regione, Anas, Protezione Civile, Prefetture e Polizia Stradale che ha consentito di raggiungere un accordo equilibrato in merito alla recente ordinanza che stabiliva l\u2019obbligo di dotazione di pneumatici invernali o di avere a bordo catene o altri mezzi antisdrucciolevoli omologati analoghi dei mezzi che percorrono la SS 131 tra il km 137+900 e il km 179+500.<\/p>\n<p>Il Presidente degli industriali sardi, Alberto Scanu, nel ringraziare le Istituzioni e gli Enti preposti per la fattiva collaborazione assicurata in questo frangente, ha espresso il suo plauso per l\u2019individuazione di una soluzione equilibrata che contempera l\u2019interesse della sicurezza stradale con l\u2019obiettivo di non creare ulteriori difficolt\u00e0 alle imprese in un momento di cos\u00ec grande incertezza e difficolt\u00e0.<\/p>\n<p>\u201cLa sicurezza costituisce per Confindustria un valore ed un obiettivo fondamentale del fare impresa e come tale va assicurata e tutelata. Al contempo, avevamo auspicato che, nell\u2019adottare e nel dare fattiva attuazione all\u2019Ordinanza, l\u2019Anas e tutte le Autorit\u00e0 ed Enti preposti tenessero conto dell\u2019impatto economico ed organizzativo che regole eccessivamente vincolanti e restrittive in fase di applicazione potevano avere sulle imprese sarde\u201d ha precisato Alberto Scanu.<\/p>\n<p>\u201cCi sembra che la soluzione proposta dall\u2019Anas che va a modificare parzialmente la precedente Ordinanza, anche grazie alla fattiva disponibilit\u00e0 e collaborazione assicurata dai Prefetti della Sardegna e dalla Polizia Stradale, vada nella direzione auspicata\u201d ha proseguito il Presidente di Confindustria Sardegna.<\/p>\n<p>\u201cLa posizione assunta sin da subito dagli Assessori regionali dei Lavori Pubblici e dei Trasporti, che si sono fortemente impegnati, facendosi interpreti e portavoce delle volont\u00e0 del Presidente Cappellacci, ha contribuito a raggiungere un accordo in tempi compatibili con l\u2019urgenza di dare risposte certe alle imprese\u201d.<\/p>\n<p>\u201cAdesso - ha concluso Scanu - si tratta di attivare al meglio la fase informativa all\u2019utenza in caso di avviso di condizioni metereologiche avverse. Da parte nostra ci siamo resi disponibili ad assicurare la fattiva collaborazione e contributo del sistema della Confindustria regionale al fine di favorire la pi\u00f9 rapida ed efficace diffusione alle imprese degli allerta meteo che faranno scattare l\u2019obbligo previsto dall\u2019Ordinanza\u201d. Com<\/p>\n","protected":false},"excerpt":{"rendered":"<p>Confindustria Sardegna esprime soddisfazione per la positiva conclusione dell\u2019incontro odierno con i rappresentanti di Regione, Anas, Protezione Civile, Prefetture e Polizia Stradale che ha consentito&#8230;<\/p>\n","protected":false},"author":2,"featured_media":0,"comment_status":"closed","ping_status":"closed","sticky":false,"template":"","format":"standard","meta":[],"categories":[49],"tags":[],"_links":{"self":[{"href":"https:\/\/www.cronacaonline.it\/index.php\/wp-json\/wp\/v2\/posts\/75755"}],"collection":[{"href":"https:\/\/www.cronacaonline.it\/index.php\/wp-json\/wp\/v2\/posts"}],"about":[{"href":"https:\/\/www.cronacaonline.it\/index.php\/wp-json\/wp\/v2\/types\/post"}],"author":[{"embeddable":true,"href":"https:\/\/www.cronacaonline.it\/index.php\/wp-json\/wp\/v2\/users\/2"}],"replies":[{"embeddable":true,"href":"https:\/\/www.cronacaonline.it\/index.php\/wp-json\/wp\/v2\/comments?post=75755"}],"version-history":[{"count":0,"href":"https:\/\/www.cronacaonline.it\/index.php\/wp-json\/wp\/v2\/posts\/75755\/revisions"}],"wp:attachment":[{"href":"https:\/\/www.cronacaonline.it\/index.php\/wp-json\/wp\/v2\/media?parent=75755"}],"wp:term":[{"taxonomy":"category","embeddable":true,"href":"https:\/\/www.cronacaonline.it\/index.php\/wp-json\/wp\/v2\/categories?post=75755"},{"taxonomy":"post_tag","embeddable":true,"href":"https:\/\/www.cronacaonline.it\/index.php\/wp-json\/wp\/v2\/tags?post=75755"}],"curies":[{"name":"wp","href":"https:\/\/api.w.org\/{rel}","templated":true}]}}