{"id":75746,"date":"2012-12-20T00:00:00","date_gmt":"2012-12-19T23:00:00","guid":{"rendered":"http:\/\/www.cronacaonline.it\/public\/content\/index.php\/2012\/12\/20\/sanita-inrca-pirri-giunta-delibera-su-accordo-mobilita-personale-e-continuita-assistenza\/"},"modified":"2012-12-20T00:00:00","modified_gmt":"2012-12-19T23:00:00","slug":"sanita-inrca-pirri-giunta-delibera-su-accordo-mobilita-personale-e-continuita-assistenza","status":"publish","type":"post","link":"https:\/\/www.cronacaonline.it\/index.php\/2012\/12\/20\/sanita-inrca-pirri-giunta-delibera-su-accordo-mobilita-personale-e-continuita-assistenza\/","title":{"rendered":"Sanit\u00e0: Inrca Pirri, giunta delibera su accordo mobilit\u00e0 personale e continuit\u00e0 assistenza"},"content":{"rendered":"<p>Come annunciato le scorse settimane, la Regione ha autorizzato la stipula dell\u2019accordo tra l\u2019Inrca e l\u2019Azienda sanitaria locale di Cagliari per la mobilit\u00e0 dei 35 dipendenti dell\u2019Istituto nazionale di ricovero e cura dell\u2019anziano di Pirri che, in linea con gli ultimi provvedimenti in materia di spending review, sar\u00e0 chiuso il prossimo 31 dicembre.<\/p>\n<p>La Giunta regionale il 17 dicembre scorso, su proposta dell\u2019assessore della Sanit\u00e0 Simona De Francisci, ha infatti approvato la specifica delibera che regolamenta il passaggio del personale dell\u2019istituto all\u2019Asl 8, senza aggravio di costi per il Sistema sanitario regionale (in quanto a partire dal 2013 viene a cessare l\u2019erogazione del compenso assegnato all\u2019Inrca) e con l\u2019obiettivo di garantire la continuit\u00e0 delle attivit\u00e0 di assistenza pneumologica fino a&nbsp;<A href=\"javascript:mails_addtocal(1,%22oggi%22);\"><FONT color=#0000ff>oggi<\/FONT><\/A>&nbsp;erogate.<\/p>\n<p>Il provvedimento della Giunta segue le intese del vrtice del 3 dicembre scorso in assessorato tra i rappresentanti dell\u2019Inrca, dell\u2019Azienda sanitaria locale di Cagliari e delle organizzazioni sindacali (Fp-Cgil, Cisl-FP e Uil-Fpl), incontro nel quale le parti hanno convenuto sull\u2019attuazione della procedura di mobilit\u00e0 del personale a tempo indeterminato. Gi\u00e0 da tempo l\u2019Asl 8 di Cagliari aveva manifestato l\u2019esigenza di procedere con una ristrutturazione dell\u2019assistenza pneumologia e di avvio di percorsi finalizzati ad attivare l\u2019assistenza riabilitativa per le patologie dell\u2019apparato respiratorio.<\/p>\n<p>In attesa, infine, della conclusione dell\u2019iter amministrativo, si legge nella delibera, per tutto gennaio 2013 la Asl ricorrer\u00e0 a una convenzione temporanea che garantisca il servizio del personale al suo interno, mentre la definitiva assunzione avverr\u00e0 a partire dal 1\u00b0 febbraio 2013.<\/p>\n","protected":false},"excerpt":{"rendered":"<p>Come annunciato le scorse settimane, la Regione ha autorizzato la stipula dell\u2019accordo tra l\u2019Inrca e l\u2019Azienda sanitaria locale di Cagliari per la mobilit\u00e0 dei 35&#8230;<\/p>\n","protected":false},"author":2,"featured_media":0,"comment_status":"closed","ping_status":"closed","sticky":false,"template":"","format":"standard","meta":[],"categories":[49],"tags":[],"_links":{"self":[{"href":"https:\/\/www.cronacaonline.it\/index.php\/wp-json\/wp\/v2\/posts\/75746"}],"collection":[{"href":"https:\/\/www.cronacaonline.it\/index.php\/wp-json\/wp\/v2\/posts"}],"about":[{"href":"https:\/\/www.cronacaonline.it\/index.php\/wp-json\/wp\/v2\/types\/post"}],"author":[{"embeddable":true,"href":"https:\/\/www.cronacaonline.it\/index.php\/wp-json\/wp\/v2\/users\/2"}],"replies":[{"embeddable":true,"href":"https:\/\/www.cronacaonline.it\/index.php\/wp-json\/wp\/v2\/comments?post=75746"}],"version-history":[{"count":0,"href":"https:\/\/www.cronacaonline.it\/index.php\/wp-json\/wp\/v2\/posts\/75746\/revisions"}],"wp:attachment":[{"href":"https:\/\/www.cronacaonline.it\/index.php\/wp-json\/wp\/v2\/media?parent=75746"}],"wp:term":[{"taxonomy":"category","embeddable":true,"href":"https:\/\/www.cronacaonline.it\/index.php\/wp-json\/wp\/v2\/categories?post=75746"},{"taxonomy":"post_tag","embeddable":true,"href":"https:\/\/www.cronacaonline.it\/index.php\/wp-json\/wp\/v2\/tags?post=75746"}],"curies":[{"name":"wp","href":"https:\/\/api.w.org\/{rel}","templated":true}]}}