{"id":75741,"date":"2012-12-22T00:00:00","date_gmt":"2012-12-21T23:00:00","guid":{"rendered":"http:\/\/www.cronacaonline.it\/public\/content\/index.php\/2012\/12\/22\/a-cagliari-pranzo-di-natale-2012-della-solidarieta-organizzato-domenica-23-dicembre-al-ristorante-piper-in-viale-diaz-154-a-cagliari-per-le-persone-piu-bisognose\/"},"modified":"2012-12-22T00:00:00","modified_gmt":"2012-12-21T23:00:00","slug":"a-cagliari-pranzo-di-natale-2012-della-solidarieta-organizzato-domenica-23-dicembre-al-ristorante-piper-in-viale-diaz-154-a-cagliari-per-le-persone-piu-bisognose","status":"publish","type":"post","link":"https:\/\/www.cronacaonline.it\/index.php\/2012\/12\/22\/a-cagliari-pranzo-di-natale-2012-della-solidarieta-organizzato-domenica-23-dicembre-al-ristorante-piper-in-viale-diaz-154-a-cagliari-per-le-persone-piu-bisognose\/","title":{"rendered":"A Cagliari  pranzo di natale 2012 della solidariet\u00e0 organizzato domenica 23 dicembre al ristorante Piper in Viale Diaz 154 a Cagliari per le persone pi\u00f9 bisognose"},"content":{"rendered":"<p><P style=\"MARGIN: 0cm 0cm 10pt\" class=MsoNormal><\/p>\n<p>Per il 23 Dicembre, infatti, <SPAN style=\"mso-spacerun: yes\">&nbsp;<\/SPAN>i Volontari delle Associazioni Cagliari Solidale, Familia e Annidoro, in collaborazione con il Consorzio Centro Commerciale Naturale Insieme e il Patrocinio dei Lions Club Cagliari Karel, hanno organizzato il Pranzo di Natale per i pi\u00f9 Bisognosi presso il Ristorante Piper , sito in Viale Diaz 154 a Cagliari.<\/p>\n<p>La manifestazione che si terr\u00e0 nel celebre ristorante Cagliaritano, afferma Paolo Casu, vuole essere un nostro contributo concreto, rivolto alle persone disagiate e in difficolt\u00e0 economica, che non devono essere mai dimenticate e non soltanto per Natale. A servire ai tavoli ci saranno i volontari delle Associazioni organizzatrici l\u2019evento .<\/p>\n<p>Antipasti, due primi, due secondi, frutta, dessert, panettone e per terminare l\u2019immancabile spumante per brindare tutti insieme per un Natale 2012 di serenit\u00e0, salute, lavoro e pace. Nel corso del Pranzo, verranno distribuiti i giocattoli donati per l\u2019evento e ci sar\u00e0 l\u2019intrattenimento del Comico Daniele Gastaldi . Non \u00e8 vero, conclude Paolo Casu, che Babbo Natale non esiste, perch\u00e9 Babbo Natale \u00e8 in un poco di tutti noi; basta non dimenticarlo MAI e fare emergere il Babbo Natale che c\u2019\u00e8 in noi 365 giorni l\u2019anno. Chi&nbsp;<A href=\"javascript:mails_addtocal(1,%22oggi%22);\"><FONT color=#0000ff>oggi<\/FONT><\/A>&nbsp;ha un lavoro ed \u00e8 pi\u00f9 fortunato, conclude Casu, deve pensare quotidianamente a chi soffre ed \u00e8 stato meno fortunato di noi; Con questo spirito i volontari cagliaritani si apprestano a non lasciare soli i poveri di Cagliari e non soltanto per il giorno di Natale.&nbsp;<\/p>\n","protected":false},"excerpt":{"rendered":"<p>Per il 23 Dicembre, infatti, &nbsp;i Volontari delle Associazioni Cagliari Solidale, Familia e Annidoro, in collaborazione con il Consorzio Centro Commerciale Naturale Insieme e il&#8230;<\/p>\n","protected":false},"author":2,"featured_media":0,"comment_status":"closed","ping_status":"closed","sticky":false,"template":"","format":"standard","meta":[],"categories":[49],"tags":[],"_links":{"self":[{"href":"https:\/\/www.cronacaonline.it\/index.php\/wp-json\/wp\/v2\/posts\/75741"}],"collection":[{"href":"https:\/\/www.cronacaonline.it\/index.php\/wp-json\/wp\/v2\/posts"}],"about":[{"href":"https:\/\/www.cronacaonline.it\/index.php\/wp-json\/wp\/v2\/types\/post"}],"author":[{"embeddable":true,"href":"https:\/\/www.cronacaonline.it\/index.php\/wp-json\/wp\/v2\/users\/2"}],"replies":[{"embeddable":true,"href":"https:\/\/www.cronacaonline.it\/index.php\/wp-json\/wp\/v2\/comments?post=75741"}],"version-history":[{"count":0,"href":"https:\/\/www.cronacaonline.it\/index.php\/wp-json\/wp\/v2\/posts\/75741\/revisions"}],"wp:attachment":[{"href":"https:\/\/www.cronacaonline.it\/index.php\/wp-json\/wp\/v2\/media?parent=75741"}],"wp:term":[{"taxonomy":"category","embeddable":true,"href":"https:\/\/www.cronacaonline.it\/index.php\/wp-json\/wp\/v2\/categories?post=75741"},{"taxonomy":"post_tag","embeddable":true,"href":"https:\/\/www.cronacaonline.it\/index.php\/wp-json\/wp\/v2\/tags?post=75741"}],"curies":[{"name":"wp","href":"https:\/\/api.w.org\/{rel}","templated":true}]}}