{"id":75731,"date":"2012-12-11T00:00:00","date_gmt":"2012-12-10T23:00:00","guid":{"rendered":"http:\/\/www.cronacaonline.it\/public\/content\/index.php\/2012\/12\/11\/alessandra-giudici-al-ministero-dellambiente-accordo-volontario-per-neutralizzare-limpronta-di-carbonio\/"},"modified":"2012-12-11T00:00:00","modified_gmt":"2012-12-10T23:00:00","slug":"alessandra-giudici-al-ministero-dellambiente-accordo-volontario-per-neutralizzare-limpronta-di-carbonio","status":"publish","type":"post","link":"https:\/\/www.cronacaonline.it\/index.php\/2012\/12\/11\/alessandra-giudici-al-ministero-dellambiente-accordo-volontario-per-neutralizzare-limpronta-di-carbonio\/","title":{"rendered":"Alessandra Giudici al ministero dell\u2019ambiente: \u201caccordo volontario per neutralizzare l\u2019impronta di carbonio\u201d"},"content":{"rendered":"<p>\u00abUn accordo volontario tra Provincia di Sassari e Ministero dell\u2019Ambiente per l\u2019individuazione, il calcolo e la neutralizzazione dell\u2019impronta di carbonio nel Nord Ovest Sardegna\u00bb. \u00c8 la proposta formulata ufficialmente nei giorni scorsi dal presidente della Provincia di Sassari, Alessandra Giudici, attraverso una lettera inviata al ministro in carica, Corrado Clini, e alla struttura dirigenziale e tecnica competente in tema di tutela ambientale. L\u2019iniziativa assunta da Alessandra Giudici si inserisce \u00ablungo il percorso tracciato in questi ultimi anni, che vede l\u2019amministrazione provinciale impegnata a coinvolgere il territorio nel rispetto delle politiche e degli obiettivi comunitari per la riduzione delle emissioni inquinanti, la valorizzazione delle fonti energetiche rinnovabili e, di conseguenza, la sostenibilit\u00e0 ambientale\u00bb, come lei stessa spiega.<\/p>\n<p>L\u2019accordo volontario \u00e8 un protocollo che permette di adottare un sistema di regole in cui i criteri di utilit\u00e0 pubblica, rendimento economico, valore sociale e sostenibilit\u00e0 ambientale intervengono in modo paritario nella ricerca di soluzioni efficaci per la riqualificazione di un territorio. \u00abTanto per fare un esempio, il Patto dei sindaci \u00e8 un accordo volontario tra la Comunit\u00e0 europea e gli enti locali per ridurre le emissioni di gas serra del 20%, portare al 20% la quota di energia prodotta da fonti rinnovabili e produrre un risparmio energetico del 20%, il tutto entro il 2020 \u2013 spiega Alessandra Giudici \u2013 in base a quell\u2019accordo, vengono messi a disposizione degli stessi enti locali canali di finanziamento dedicati\u00bb.<\/p>\n<p>L\u2019impronta di carbonio, invece, \u00e8 la misura delle emissioni di CO2. Deriva dall\u2019inglese carbon footprint, ed \u00e8 la misura dell\u2019impatto che le attivit\u00e0 umane hanno sull\u2019ambiente in termini di ammontare di gas serra prodotti, misurati in unit\u00e0 di diossido di carbonio. \u00abPer dare concretezza al programma \u201cSassari 20-20-20\u201d, con cui la Provincia di Sassari ha dettagliato le proprie politiche energetiche e ambientali, occorre rendere pi\u00f9 efficace l\u2019azione svolta sinora\u00bb, scrive Alessandra Giudici. \u00abLa Provincia ha seguito con attenzione il percorso che ha portato il Ministero a stipulare specifici accordi con altri territori \u2013 conclude il presidente \u2013 e propone che ne venga siglato uno per il Nord Ovest Sardegna\u00bb. Com<\/p>\n","protected":false},"excerpt":{"rendered":"<p>\u00abUn accordo volontario tra Provincia di Sassari e Ministero dell\u2019Ambiente per l\u2019individuazione, il calcolo e la neutralizzazione dell\u2019impronta di carbonio nel Nord Ovest Sardegna\u00bb. \u00c8&#8230;<\/p>\n","protected":false},"author":2,"featured_media":0,"comment_status":"closed","ping_status":"closed","sticky":false,"template":"","format":"standard","meta":[],"categories":[49],"tags":[],"_links":{"self":[{"href":"https:\/\/www.cronacaonline.it\/index.php\/wp-json\/wp\/v2\/posts\/75731"}],"collection":[{"href":"https:\/\/www.cronacaonline.it\/index.php\/wp-json\/wp\/v2\/posts"}],"about":[{"href":"https:\/\/www.cronacaonline.it\/index.php\/wp-json\/wp\/v2\/types\/post"}],"author":[{"embeddable":true,"href":"https:\/\/www.cronacaonline.it\/index.php\/wp-json\/wp\/v2\/users\/2"}],"replies":[{"embeddable":true,"href":"https:\/\/www.cronacaonline.it\/index.php\/wp-json\/wp\/v2\/comments?post=75731"}],"version-history":[{"count":0,"href":"https:\/\/www.cronacaonline.it\/index.php\/wp-json\/wp\/v2\/posts\/75731\/revisions"}],"wp:attachment":[{"href":"https:\/\/www.cronacaonline.it\/index.php\/wp-json\/wp\/v2\/media?parent=75731"}],"wp:term":[{"taxonomy":"category","embeddable":true,"href":"https:\/\/www.cronacaonline.it\/index.php\/wp-json\/wp\/v2\/categories?post=75731"},{"taxonomy":"post_tag","embeddable":true,"href":"https:\/\/www.cronacaonline.it\/index.php\/wp-json\/wp\/v2\/tags?post=75731"}],"curies":[{"name":"wp","href":"https:\/\/api.w.org\/{rel}","templated":true}]}}