{"id":75728,"date":"2012-12-20T00:00:00","date_gmt":"2012-12-19T23:00:00","guid":{"rendered":"http:\/\/www.cronacaonline.it\/public\/content\/index.php\/2012\/12\/20\/universita-approvata-dal-consiglio-provinciale-la-delibera-per-la-costituzione-del-fondo-patrimoniale-e-di-gestione-della-fondazione\/"},"modified":"2012-12-20T00:00:00","modified_gmt":"2012-12-19T23:00:00","slug":"universita-approvata-dal-consiglio-provinciale-la-delibera-per-la-costituzione-del-fondo-patrimoniale-e-di-gestione-della-fondazione","status":"publish","type":"post","link":"https:\/\/www.cronacaonline.it\/index.php\/2012\/12\/20\/universita-approvata-dal-consiglio-provinciale-la-delibera-per-la-costituzione-del-fondo-patrimoniale-e-di-gestione-della-fondazione\/","title":{"rendered":"Universit\u00e0 &#8211; Approvata dal consiglio provinciale la delibera per la costituzione del fondo patrimoniale e di gestione della Fondazione."},"content":{"rendered":"<p>Il Consiglio Provinciale di Nuoro, su proposta del Presidente della Provincia, Roberto Deriu, ha approvato questa mattina, con 21 voti favorevoli su 21 presenti, la delibera per la costituzione del fondo patrimoniale e di gestione della Fondazione per la promozione degli studi e della ricerca Scientifica nella Sardegna Centrale.<\/p>\n<p>All\u2019unanimit\u00e0 (il capogruppo del Pdl, Ciriaco Mula, assente questa mattina, aveva comunque annunciato il suo voto favorevole in Conferenza dei Capigruppo)&nbsp;il Consiglio Provinciale ha confermato la decisione di far aderire la Provincia quale Fondatore Promotore alla Fondazione per la Promozione degli Studi Universitari e della Ricerca Scientifica nella Sardegna Centrale e di conferire alla stessa come fondo di dotazione l\u2019usufrutto trentennale del palazzo di Via Salarsi 18 che ha un valore di propriet\u00e0 pari a 5.756.000 di euro; e come fondo di gestione, che verr\u00e0 versato per i prossimi dieci anni, 25.000 euro.<\/p>\n<p>Nella delibera il Consiglio Provinciale ha inoltre approvato il fatto che una volta riconosciuta la Fondazione si proceder\u00e0 alla fusione per incorporazione del Consorzio &nbsp;per la promozione degli studi universitari al fine di favorire la continuazione delle attivit\u00e0. La delibera verr\u00e0 immediatamente trasmessa al Comune di Nuoro in virt\u00f9 del fatto che i due enti dovranno conferire alla costituenda fondazione beni o denaro di valore equivalente per pervenire all\u2019equiparazione del valore dei beni conferiti.<\/p>\n<p>Stasera si aspetta l'approvazione della delibera da parte del Consiglio Comunale di Nuoro.&nbsp;<\/p>\n","protected":false},"excerpt":{"rendered":"<p>Il Consiglio Provinciale di Nuoro, su proposta del Presidente della Provincia, Roberto Deriu, ha approvato questa mattina, con 21 voti favorevoli su 21 presenti, la&#8230;<\/p>\n","protected":false},"author":2,"featured_media":13473,"comment_status":"closed","ping_status":"closed","sticky":false,"template":"","format":"standard","meta":[],"categories":[49],"tags":[],"_links":{"self":[{"href":"https:\/\/www.cronacaonline.it\/index.php\/wp-json\/wp\/v2\/posts\/75728"}],"collection":[{"href":"https:\/\/www.cronacaonline.it\/index.php\/wp-json\/wp\/v2\/posts"}],"about":[{"href":"https:\/\/www.cronacaonline.it\/index.php\/wp-json\/wp\/v2\/types\/post"}],"author":[{"embeddable":true,"href":"https:\/\/www.cronacaonline.it\/index.php\/wp-json\/wp\/v2\/users\/2"}],"replies":[{"embeddable":true,"href":"https:\/\/www.cronacaonline.it\/index.php\/wp-json\/wp\/v2\/comments?post=75728"}],"version-history":[{"count":0,"href":"https:\/\/www.cronacaonline.it\/index.php\/wp-json\/wp\/v2\/posts\/75728\/revisions"}],"wp:featuredmedia":[{"embeddable":true,"href":"https:\/\/www.cronacaonline.it\/index.php\/wp-json\/wp\/v2\/media\/13473"}],"wp:attachment":[{"href":"https:\/\/www.cronacaonline.it\/index.php\/wp-json\/wp\/v2\/media?parent=75728"}],"wp:term":[{"taxonomy":"category","embeddable":true,"href":"https:\/\/www.cronacaonline.it\/index.php\/wp-json\/wp\/v2\/categories?post=75728"},{"taxonomy":"post_tag","embeddable":true,"href":"https:\/\/www.cronacaonline.it\/index.php\/wp-json\/wp\/v2\/tags?post=75728"}],"curies":[{"name":"wp","href":"https:\/\/api.w.org\/{rel}","templated":true}]}}