{"id":75721,"date":"2012-12-01T00:00:00","date_gmt":"2012-11-30T23:00:00","guid":{"rendered":"http:\/\/www.cronacaonline.it\/public\/content\/index.php\/2012\/12\/01\/provincia-sassari-un-archivio-storico-virtuale-del-nord-ovest-sardegna-lunedi-il-confronto-tra-istituzioni-e-addetti-ai-lavori\/"},"modified":"2012-12-01T00:00:00","modified_gmt":"2012-11-30T23:00:00","slug":"provincia-sassari-un-archivio-storico-virtuale-del-nord-ovest-sardegna-lunedi-il-confronto-tra-istituzioni-e-addetti-ai-lavori","status":"publish","type":"post","link":"https:\/\/www.cronacaonline.it\/index.php\/2012\/12\/01\/provincia-sassari-un-archivio-storico-virtuale-del-nord-ovest-sardegna-lunedi-il-confronto-tra-istituzioni-e-addetti-ai-lavori\/","title":{"rendered":"Provincia Sassari &#8211; Un archivio storico virtuale del Nord Ovest Sardegna: luned\u00ec il confronto tra istituzioni e addetti ai lavori"},"content":{"rendered":"<p>Creare un vero e proprio archivio storico provinciale virtuale attraverso la condivisione di documenti e altre informazioni di valore storico in dote agli archivi dei Comuni e degli altri enti del Nord Ovest Sardegna.<\/p>\n<p>\u00c8 l\u2019ipotesi di lavoro su cui si confronteranno addetti ai lavori e amministratori nel corso della tavola rotonda \u201cGli archivi storici della Provincia di Sassari: interventi di informatizzazione ed esperienze a confronto\u201d, organizzato dall\u2019amministrazione provinciale per il prossimo luned\u00ec 3 dicembre a partire dalle 9 nella sala Angioy del palazzo della Provincia. Si partir\u00e0 dalla novit\u00e0 introdotta con la creazione del nuovo portale dedicato al sistema informativo archivistico della Provincia di Sassari, che \u00e8 stato presentato nei mesi scorsi e che nasce con l\u2019obiettivo principale di valorizzare e mettere a disposizione di tutti il materiale di cui dispone l\u2019amministrazione. <\/p>\n<p>L\u2019archivio storico on line della Provincia, per\u00f2, \u00e8 stato pensato anche per dare gambe anche all\u2019idea di una piattaforma condivisa, e in questo senso l\u2019appuntamento di luned\u00ec rappresenta una prima e fondamentale occasione di confronto tra esperienze gi\u00e0 avviate con successo, che potrebbero rappresentare gli snodi principali della rete che la Provincia intende realizzare insieme a tutti gli attori locali, dando luogo a quella che nel panorama archivistico rappresenterebbe una novit\u00e0 di livello perlomeno regionale.<\/p>\n<p>Ad aprire i lavori saranno i saluti del presidente della Provincia di Sassari, Alessandra Giudici, del presidente della Camera di Commercio del Nord Sardegna, Gavino Sini, dell\u2019assessore provinciale degli Affari generali, Giommaria Deriu, dell\u2019assessore della Cultura del Comune di Sassari, Dolores Lai, e del dirigente del settore Organi istituzionali e Affari generali dell\u2019amministrazione provinciale, Antonello Bellu. Poi il dibattito vero e proprio, al quale prenderanno parte il soprintendente archivistico per la Sardegna e direttore dell\u2019Archivio di Stato di Sassari, Monica Grossi, il responsabile dell\u2019Archivio storico della Provincia di Sassari, Giovanni Fiori, il direttore dell\u2019Archivio storico del Comune di Sassari, Paolo Cau, il responsabile del\u2019Archivio storico del Comune di Alghero, Baingio Tavera, il responsabile dell\u2019Archivio storico dell\u2019Arcidiocesi di Sassari, monsignor Giancarlo Zichi, il direttore dell\u2019Archivio storico privato \u201cPadre Manzella\u201d e gi\u00e0 direttore dell\u2019Archivio storico di Sassari, Angelo Ammirati, il responsabile e il coordinatore dell\u2019Archivio storico della Camera di Commercio del Nord Sardegna, Elisa Bisail e Giovanna Niedda.<\/p>\n","protected":false},"excerpt":{"rendered":"<p>Creare un vero e proprio archivio storico provinciale virtuale attraverso la condivisione di documenti e altre informazioni di valore storico in dote agli archivi dei&#8230;<\/p>\n","protected":false},"author":2,"featured_media":13528,"comment_status":"closed","ping_status":"closed","sticky":false,"template":"","format":"standard","meta":[],"categories":[49],"tags":[],"_links":{"self":[{"href":"https:\/\/www.cronacaonline.it\/index.php\/wp-json\/wp\/v2\/posts\/75721"}],"collection":[{"href":"https:\/\/www.cronacaonline.it\/index.php\/wp-json\/wp\/v2\/posts"}],"about":[{"href":"https:\/\/www.cronacaonline.it\/index.php\/wp-json\/wp\/v2\/types\/post"}],"author":[{"embeddable":true,"href":"https:\/\/www.cronacaonline.it\/index.php\/wp-json\/wp\/v2\/users\/2"}],"replies":[{"embeddable":true,"href":"https:\/\/www.cronacaonline.it\/index.php\/wp-json\/wp\/v2\/comments?post=75721"}],"version-history":[{"count":0,"href":"https:\/\/www.cronacaonline.it\/index.php\/wp-json\/wp\/v2\/posts\/75721\/revisions"}],"wp:featuredmedia":[{"embeddable":true,"href":"https:\/\/www.cronacaonline.it\/index.php\/wp-json\/wp\/v2\/media\/13528"}],"wp:attachment":[{"href":"https:\/\/www.cronacaonline.it\/index.php\/wp-json\/wp\/v2\/media?parent=75721"}],"wp:term":[{"taxonomy":"category","embeddable":true,"href":"https:\/\/www.cronacaonline.it\/index.php\/wp-json\/wp\/v2\/categories?post=75721"},{"taxonomy":"post_tag","embeddable":true,"href":"https:\/\/www.cronacaonline.it\/index.php\/wp-json\/wp\/v2\/tags?post=75721"}],"curies":[{"name":"wp","href":"https:\/\/api.w.org\/{rel}","templated":true}]}}