{"id":75720,"date":"2012-12-31T00:00:00","date_gmt":"2012-12-30T23:00:00","guid":{"rendered":"http:\/\/www.cronacaonline.it\/public\/content\/index.php\/2012\/12\/31\/primarie-bersani-oltre-1-milione-ai-seggi-passa-la-bindi-bocciato-gori\/"},"modified":"2012-12-31T00:00:00","modified_gmt":"2012-12-30T23:00:00","slug":"primarie-bersani-oltre-1-milione-ai-seggi-passa-la-bindi-bocciato-gori","status":"publish","type":"post","link":"https:\/\/www.cronacaonline.it\/index.php\/2012\/12\/31\/primarie-bersani-oltre-1-milione-ai-seggi-passa-la-bindi-bocciato-gori\/","title":{"rendered":"Primarie. Bersani: oltre 1 milione ai seggi. Passa la Bindi. Bocciato Gori"},"content":{"rendered":"<p>Nonostante la data scelta non fosse delle pi\u00f9 semplici le 'parlamentarie' di Pd e Sel che si sono concluse oggi hanno registrato una buona affluenza con oltre un milione di partecipanti. Un risultato sottolineato con soddisfazione dal segretario del Pd, Pierluigi Bersani, che ha parlato di numeri \"largamente superiori alle nostre aspettative\" per una esperienza che \"non ha precedenti nella storia politica nazionale ed europea\".<\/p>\n<p>\"Abbiamo fatto - dice contento il segretario - una cosa difficilissima ma bellissima. Correre qualche rischio significa ottenere anche qualche risultato\". E, intanto, dopo la candidatura di Piero Grasso, il segretario ne ufficializza un'altra della sua 'quota', quella del vice direttore del 'Corsera', Massimo Mucchetti.<\/p>\n<p>Dalle 'parlamentarie' Pd sono diverse le conferme che arrivano per i parlamentari uscenti, tra gli esclusi 'eccellenti' Giorgio Gori, spin doctor di Matteo Renzi che \u00e8 fortemente in bilico e polemizza, per\u00f2, sul peso determinante dell\u2019 \u2018apparato' sulla consultazione. Ma anche sul \"silenzio\" di Matteo Renzi dopo la sua sconfitta nella corsa con Bersani.<\/p>\n<p>\"Capisco l'amarezza di Giorgio - chiude subito la polemica il sindaco di Firenze - che, comunque, ha fatto una battaglia bella. Non ce l'ha fatta e quando uno resta fuori di poco \u00e8 evidente che possa avere un'amarezza doppia\". Renzi, tra l'altro, ribadisce la propria disponibilit\u00e0 a dare una mano a Bersani per la campagna elettorale del Pd.<\/p>\n<p>Passa la presidente dell'assemblea Rosy Bindi che a Reggio Calabria conquista 7.527 preferenze, pari al 60% e risulta la pi\u00f9 votata in posti come Locri o Rosarno. Sono molte, tra l'altro, le donne che vincono la sfida delle primarie come sottolinea anche il vice segretario del Pd Enrico Letta. \"Ha funzionato - evidenzia in un tweet - il meccanismo della doppia preferenza di genere.<\/p>\n<p>Grandi successi per molte donne giovani (senza logiche di apparato)\". E allora, se in Parlamento, si rivedranno donne parlamentari di lungo corso come l'ex ministro Barbara Pollastrini, la candidata pi\u00f9 votata a Milano e Provincia (con 4527 voti), si confermano anche giovani deputate come Pina Picierno che a Caserta ha preso oltre 5mila preferenze. Debutter\u00e0, per\u00f2 anche la quarantenne Angelica Saggese, sorpresa delle primarie del Pd in Campania che, insieme a 9mila preferenze, ha avuto questa mattina anche la telefonata del segretario Bersani.<\/p>\n<p>Boom di preferenze, tra le donne, anche per l'ex presidente della provincia dell'Aquila, Stefania Pezzopane che, con 3.159 voti, \u00e8 la 'new entry' pi\u00f9 votata in regione. Di fianco alle new entry ci sono comunque, anche 'veterani'. Non \u00e8 infatti andata male, nonostante i timori di candidature pi\u00f9 radicate sul territorio la corsa dei parlamentari uscenti.<\/p>\n<p>Sar\u00e0 confermato il capogruppo del Pd in commissione Lavoro a Montecitorio ed ex ministro Cesare Damiano che incassa quasi seimila preferenze a Torino; stessa storia per Nicodemo Oliverio, capogruppo in Agricoltura con oltre 8mila preferenze a Crotone. E potrebbe tornare al Senato un altro veterano come Giovanni Legnini, candidato pi\u00f9 votato in Abruzzo con pi\u00f9 di 3.500 voti.<\/p>\n<p>Nella notte dovrebbero arrivare i dati delle regioni che hanno votato oggi. Tra gli altri quelli della Puglia dove a Taranto \u00e8 candidata la presidente dei senatori del Pd Anna Finocchiaro. O quelli dell'Emilia, dove in corsa ci sono i 'renziani' Matteo Richetti e Salvatore Vassallo. Bene anche le primarie di Sel che porteranno in Parlamento, tra gli altri, il 'mister' Renzo Ulivieri, presidente dell'associazione italiana allenatori calcio e tra i pi\u00f9 votati di Sel in Toscana con quasi 2.200 preferenze.<\/p>\n<p>A Grosseto scoppia, invece un caso sulle preferenze di Bruno Leporatti, ex avvocato del comandante Francesco Schettino. I suoi voti (600) sono stati per il momento annullati perch\u00e9 la commissione elettorale di Firenze ha ricevuto il 'pacco' delle schede oltre il termine prestabilito.<\/p>\n","protected":false},"excerpt":{"rendered":"<p>Nonostante la data scelta non fosse delle pi\u00f9 semplici le &#8216;parlamentarie&#8217; di Pd e Sel che si sono concluse oggi hanno registrato una buona affluenza&#8230;<\/p>\n","protected":false},"author":2,"featured_media":0,"comment_status":"closed","ping_status":"closed","sticky":false,"template":"","format":"standard","meta":[],"categories":[49],"tags":[],"_links":{"self":[{"href":"https:\/\/www.cronacaonline.it\/index.php\/wp-json\/wp\/v2\/posts\/75720"}],"collection":[{"href":"https:\/\/www.cronacaonline.it\/index.php\/wp-json\/wp\/v2\/posts"}],"about":[{"href":"https:\/\/www.cronacaonline.it\/index.php\/wp-json\/wp\/v2\/types\/post"}],"author":[{"embeddable":true,"href":"https:\/\/www.cronacaonline.it\/index.php\/wp-json\/wp\/v2\/users\/2"}],"replies":[{"embeddable":true,"href":"https:\/\/www.cronacaonline.it\/index.php\/wp-json\/wp\/v2\/comments?post=75720"}],"version-history":[{"count":0,"href":"https:\/\/www.cronacaonline.it\/index.php\/wp-json\/wp\/v2\/posts\/75720\/revisions"}],"wp:attachment":[{"href":"https:\/\/www.cronacaonline.it\/index.php\/wp-json\/wp\/v2\/media?parent=75720"}],"wp:term":[{"taxonomy":"category","embeddable":true,"href":"https:\/\/www.cronacaonline.it\/index.php\/wp-json\/wp\/v2\/categories?post=75720"},{"taxonomy":"post_tag","embeddable":true,"href":"https:\/\/www.cronacaonline.it\/index.php\/wp-json\/wp\/v2\/tags?post=75720"}],"curies":[{"name":"wp","href":"https:\/\/api.w.org\/{rel}","templated":true}]}}