{"id":75704,"date":"2012-12-27T00:00:00","date_gmt":"2012-12-26T23:00:00","guid":{"rendered":"http:\/\/www.cronacaonline.it\/public\/content\/index.php\/2012\/12\/27\/a-cagliari-da-domenica-prossima-limitazioni-al-traffico-per-i-festeggiamenti-di-capodanno\/"},"modified":"2012-12-27T00:00:00","modified_gmt":"2012-12-26T23:00:00","slug":"a-cagliari-da-domenica-prossima-limitazioni-al-traffico-per-i-festeggiamenti-di-capodanno","status":"publish","type":"post","link":"https:\/\/www.cronacaonline.it\/index.php\/2012\/12\/27\/a-cagliari-da-domenica-prossima-limitazioni-al-traffico-per-i-festeggiamenti-di-capodanno\/","title":{"rendered":"A Cagliari da domenica prossima limitazioni al traffico per i festeggiamenti di Capodanno."},"content":{"rendered":"<p><P style=\"MARGIN: 0cm 0cm 10pt\" class=MsoNormal>Limitazioni alla circolazione ed alla sosta saranno attuate da domenica prossima per consentire lo svolgimento dei festeggiamenti per il Capodanno 2013. In particolare, nel Largo Carlo Felice e nelle altre strade interessate dalle manifestazioni in programma sar\u00e0 istituito il divieto di sosta con rimozione: nell\u2019area centrale, sotto la statua di Carlo Felice, dalle ore 15 di domenica 30 dicembre alle 12 di marted\u00ec 1 gennaio, e su entrambi i lati del Largo dalle 19 di luned\u00ec alle 11 di marted\u00ec; in&nbsp;via Porcell (sul lato sinistro rispetto al senso di marcia) dalle 19 di luned\u00ec alle 7 di marted\u00ec, con esclusione dei mezzi dei residenti in Castello; in&nbsp;via Santa Croce ed in via Lamarmora, su entrambi i lati, dalle ore 20 di luned\u00ec alle 7 di marted\u00ec.<\/p>\n<p>Il divieto di transito sar\u00e0 invece in vigore: dalle&nbsp;ore 19 di luned\u00ec alle 7 di marted\u00ec nel Largo Carlo Felice, in via Dettori, via Savoia, via Manno, via del Mercato Vecchio e via Baylle;<\/p>\n<p>dalle&nbsp;20 di luned\u00ec alle 7 di marted\u00ec in via Lamarmora, via Canelles (tra piazza Carlo Alberto e il bastione di St. Remy), in via Santa Croce, via Genovesi, via Duomo e via del Fossario.<\/p>\n<p>Dalle 19 di luned\u00ec alle 7 di marted\u00ec in via Mameli (nel tratto compreso tra via Sassari ed il Largo Carlo Felice) saranno vietati sia il transito che la sosta.<\/p>\n<p>Nella stessa fascia oraria (19 di luned\u00ec \u2013 7 di marted\u00ec) in via Angioy sar\u00e0 istituito il senso unico di circolazione nel tratto compreso tra via Mameli ed il corso Vittorio Emanuele, nella stessa direzione di marcia.<\/p>\n<p><SPAN style=\"LINE-HEIGHT: 115%; FONT-FAMILY: 'Times New Roman','serif'; FONT-SIZE: 12pt; mso-bidi-font-size: 11.0pt; mso-fareast-font-family: Calibri; mso-fareast-theme-font: minor-latin; mso-bidi-theme-font: minor-bidi; mso-fareast-language: EN-US; mso-ansi-language: IT; mso-bidi-language: AR-SA\">Dalle limitazioni previste nell\u2019ordinanza sono esclusi i mezzi dell\u2019organizzazione. <\/SPAN><\/p>\n","protected":false},"excerpt":{"rendered":"<p>Limitazioni alla circolazione ed alla sosta saranno attuate da domenica prossima per consentire lo svolgimento dei festeggiamenti per il Capodanno 2013. In particolare, nel Largo&#8230;<\/p>\n","protected":false},"author":2,"featured_media":0,"comment_status":"closed","ping_status":"closed","sticky":false,"template":"","format":"standard","meta":[],"categories":[49],"tags":[],"_links":{"self":[{"href":"https:\/\/www.cronacaonline.it\/index.php\/wp-json\/wp\/v2\/posts\/75704"}],"collection":[{"href":"https:\/\/www.cronacaonline.it\/index.php\/wp-json\/wp\/v2\/posts"}],"about":[{"href":"https:\/\/www.cronacaonline.it\/index.php\/wp-json\/wp\/v2\/types\/post"}],"author":[{"embeddable":true,"href":"https:\/\/www.cronacaonline.it\/index.php\/wp-json\/wp\/v2\/users\/2"}],"replies":[{"embeddable":true,"href":"https:\/\/www.cronacaonline.it\/index.php\/wp-json\/wp\/v2\/comments?post=75704"}],"version-history":[{"count":0,"href":"https:\/\/www.cronacaonline.it\/index.php\/wp-json\/wp\/v2\/posts\/75704\/revisions"}],"wp:attachment":[{"href":"https:\/\/www.cronacaonline.it\/index.php\/wp-json\/wp\/v2\/media?parent=75704"}],"wp:term":[{"taxonomy":"category","embeddable":true,"href":"https:\/\/www.cronacaonline.it\/index.php\/wp-json\/wp\/v2\/categories?post=75704"},{"taxonomy":"post_tag","embeddable":true,"href":"https:\/\/www.cronacaonline.it\/index.php\/wp-json\/wp\/v2\/tags?post=75704"}],"curies":[{"name":"wp","href":"https:\/\/api.w.org\/{rel}","templated":true}]}}