{"id":75695,"date":"2012-12-27T00:00:00","date_gmt":"2012-12-26T23:00:00","guid":{"rendered":"http:\/\/www.cronacaonline.it\/public\/content\/index.php\/2012\/12\/27\/saldi-invernali-confcommercio-cagliari-cominciano-il-5-gennaio-e-terminano-il-5-marzo\/"},"modified":"2012-12-27T00:00:00","modified_gmt":"2012-12-26T23:00:00","slug":"saldi-invernali-confcommercio-cagliari-cominciano-il-5-gennaio-e-terminano-il-5-marzo","status":"publish","type":"post","link":"https:\/\/www.cronacaonline.it\/index.php\/2012\/12\/27\/saldi-invernali-confcommercio-cagliari-cominciano-il-5-gennaio-e-terminano-il-5-marzo\/","title":{"rendered":"Saldi invernali, Confcommercio Cagliari: cominciano il 5 gennaio e terminano il 5 marzo"},"content":{"rendered":"<p>I saldi invernali cominceranno&nbsp;sabato 5 gennaio 2013&nbsp;(ossia il primo giorno feriale antecedente l\u2019Epifania) e avranno una durata di 60 giorni, per terminare quindi il 5 marzo prossimo. Lo precisa Confcommercio Cagliari per fare chiarezza su un argomento di grande interesse per la categoria e i consumatori e fugare dubbi su informazioni non corrette.<\/p>\n<p>I saldi hanno poche e chiare regole, indicate dalla legge regionale sul commercio; la regola aurea \u00e8 anzitutto quella di indicare il prezzo iniziale del prodotto che, ricordiamo, non \u00e8 necessario sia della stagione corrente, la percentuale di sconto ed il prezzo finale proposto al consumatore.<\/p>\n<p>Alcuni chiarimenti importanti a beneficio di un acquisto consapevole da parte del consumatore:<\/p>\n<p>Cambi merce: la possibilit\u00e0 di cambiare il capo dopo che lo si \u00e8 acquistato (colore non gradito, taglia sbagliata, generico ripensamento sull\u2019acquisto, etc) \u00e8 generalmente lasciata alla discrezionalit\u00e0 del negoziante, a meno che il prodotto non sia danneggiato o non conforme (art.1519 ter cod. civile introdotto da D.Lgs. n.24\/2002 \u2013 cd. codice del consumo). In questo caso scatta l'obbligo per il negoziante della riparazione o della sostituzione del capo e, nel caso ci\u00f2 risulti impossibile, la riduzione o la restituzione del prezzo pagato. Il compratore \u00e8 per\u00f2 tenuto a denunciare il vizio del capo entro due mesi dalla data della scoperta del difetto.<\/p>\n<p>Prova dei capi: non c'\u00e8 obbligo; \u00e8 rimesso alla discrezionalit\u00e0 del negoziante.<\/p>\n<p>Pagamenti: le carte di credito devono essere accettate da parte del negoziante qualora sia esposto nel punto vendita l'adesivo che attesta la relativa convenzione.<\/p>\n","protected":false},"excerpt":{"rendered":"<p>I saldi invernali cominceranno&nbsp;sabato 5 gennaio 2013&nbsp;(ossia il primo giorno feriale antecedente l\u2019Epifania) e avranno una durata di 60 giorni, per terminare quindi il 5&#8230;<\/p>\n","protected":false},"author":2,"featured_media":0,"comment_status":"closed","ping_status":"closed","sticky":false,"template":"","format":"standard","meta":[],"categories":[49],"tags":[],"_links":{"self":[{"href":"https:\/\/www.cronacaonline.it\/index.php\/wp-json\/wp\/v2\/posts\/75695"}],"collection":[{"href":"https:\/\/www.cronacaonline.it\/index.php\/wp-json\/wp\/v2\/posts"}],"about":[{"href":"https:\/\/www.cronacaonline.it\/index.php\/wp-json\/wp\/v2\/types\/post"}],"author":[{"embeddable":true,"href":"https:\/\/www.cronacaonline.it\/index.php\/wp-json\/wp\/v2\/users\/2"}],"replies":[{"embeddable":true,"href":"https:\/\/www.cronacaonline.it\/index.php\/wp-json\/wp\/v2\/comments?post=75695"}],"version-history":[{"count":0,"href":"https:\/\/www.cronacaonline.it\/index.php\/wp-json\/wp\/v2\/posts\/75695\/revisions"}],"wp:attachment":[{"href":"https:\/\/www.cronacaonline.it\/index.php\/wp-json\/wp\/v2\/media?parent=75695"}],"wp:term":[{"taxonomy":"category","embeddable":true,"href":"https:\/\/www.cronacaonline.it\/index.php\/wp-json\/wp\/v2\/categories?post=75695"},{"taxonomy":"post_tag","embeddable":true,"href":"https:\/\/www.cronacaonline.it\/index.php\/wp-json\/wp\/v2\/tags?post=75695"}],"curies":[{"name":"wp","href":"https:\/\/api.w.org\/{rel}","templated":true}]}}