{"id":75663,"date":"2012-12-05T00:00:00","date_gmt":"2012-12-04T23:00:00","guid":{"rendered":"http:\/\/www.cronacaonline.it\/public\/content\/index.php\/2012\/12\/05\/geoparco-palomba-idv-la-regione-eserciti-una-forte-pressione-sul-governo-idv-sta-facendo-altrettanto-perche-siano-accolte-le-richieste-dei-territori-interessati\/"},"modified":"2012-12-05T00:00:00","modified_gmt":"2012-12-04T23:00:00","slug":"geoparco-palomba-idv-la-regione-eserciti-una-forte-pressione-sul-governo-idv-sta-facendo-altrettanto-perche-siano-accolte-le-richieste-dei-territori-interessati","status":"publish","type":"post","link":"https:\/\/www.cronacaonline.it\/index.php\/2012\/12\/05\/geoparco-palomba-idv-la-regione-eserciti-una-forte-pressione-sul-governo-idv-sta-facendo-altrettanto-perche-siano-accolte-le-richieste-dei-territori-interessati\/","title":{"rendered":"Geoparco, Palomba (Idv): la Regione eserciti una forte pressione sul governo Idv sta facendo altrettanto perch\u00e9 siano accolte le richieste dei territori interessati"},"content":{"rendered":"<p>La Regione Sardegna eserciti una forte pressione sul Governo per il rilancio entro quest\u2019anno del Parco Geominerario. Noi stiamo facendo altrettanto, sollecitando l\u2019esecutivo a tenere nella giusta considerazione le esigenze e le proposte dei territori interessati\u00bb. E\u2019 il commento del deputato dell\u2019Italia dei Valori Federico Palomba alla richiesta di accelerazione ribadita questa mattina dalla Regione Sardegna durante la riunione con il sottosegretario all\u2019Ambiente Fanelli e gli altri attori coinvolti sul futuro del Geoparco.<\/p>\n<p>\u00abSolleciter\u00f2 immediatamente una risposta all\u2019interrogazione da me presentata in Parlamento e chieder\u00f2 che il Governo accolga le richieste della Regione Sardegna\u00bb, aggiunge Palomba, ricordando come lo stesso ministro Clini, lo scorso ottobre, abbia assicurato un repentino sblocco della situazione con un\u2019accelerazione dell\u2019iter di approvazione della proposta di modifica del decreto istitutivo del Geoparco elaborata dalla Comunit\u00e0 del Parco. \u00abE\u2019 importante che dopo un inspiegabile silenzio di cinque anni i palazzi romani si siano ricordati del Geoparco\u00bb, commenta Palomba, \u00abma ora \u00e8 necessario che le amministrazioni interessate trovino al pi\u00f9 presto un accordo sulla base delle richieste della comunit\u00e0, in modo da rendere operativo un compendio che potrebbe finalmente dare ossigeno alla Sardegna offrendo nuove opportunit\u00e0 di lavoro e di sviluppo soprattutto in un territorio disastrato come il Sulcis Iglesiente\u00bb. Com<BR><\/p>\n","protected":false},"excerpt":{"rendered":"<p>La Regione Sardegna eserciti una forte pressione sul Governo per il rilancio entro quest\u2019anno del Parco Geominerario. Noi stiamo facendo altrettanto, sollecitando l\u2019esecutivo a tenere&#8230;<\/p>\n","protected":false},"author":2,"featured_media":0,"comment_status":"closed","ping_status":"closed","sticky":false,"template":"","format":"standard","meta":[],"categories":[49],"tags":[],"_links":{"self":[{"href":"https:\/\/www.cronacaonline.it\/index.php\/wp-json\/wp\/v2\/posts\/75663"}],"collection":[{"href":"https:\/\/www.cronacaonline.it\/index.php\/wp-json\/wp\/v2\/posts"}],"about":[{"href":"https:\/\/www.cronacaonline.it\/index.php\/wp-json\/wp\/v2\/types\/post"}],"author":[{"embeddable":true,"href":"https:\/\/www.cronacaonline.it\/index.php\/wp-json\/wp\/v2\/users\/2"}],"replies":[{"embeddable":true,"href":"https:\/\/www.cronacaonline.it\/index.php\/wp-json\/wp\/v2\/comments?post=75663"}],"version-history":[{"count":0,"href":"https:\/\/www.cronacaonline.it\/index.php\/wp-json\/wp\/v2\/posts\/75663\/revisions"}],"wp:attachment":[{"href":"https:\/\/www.cronacaonline.it\/index.php\/wp-json\/wp\/v2\/media?parent=75663"}],"wp:term":[{"taxonomy":"category","embeddable":true,"href":"https:\/\/www.cronacaonline.it\/index.php\/wp-json\/wp\/v2\/categories?post=75663"},{"taxonomy":"post_tag","embeddable":true,"href":"https:\/\/www.cronacaonline.it\/index.php\/wp-json\/wp\/v2\/tags?post=75663"}],"curies":[{"name":"wp","href":"https:\/\/api.w.org\/{rel}","templated":true}]}}