{"id":75651,"date":"2012-12-28T00:00:00","date_gmt":"2012-12-27T23:00:00","guid":{"rendered":"http:\/\/www.cronacaonline.it\/public\/content\/index.php\/2012\/12\/28\/dal-7-gennaio-2013-inizieranno-le-operazioni-di-rinnovo-dei-pass-ztl-in-scadenza-il-prossimo-31-dicembre\/"},"modified":"2012-12-28T00:00:00","modified_gmt":"2012-12-27T23:00:00","slug":"dal-7-gennaio-2013-inizieranno-le-operazioni-di-rinnovo-dei-pass-ztl-in-scadenza-il-prossimo-31-dicembre","status":"publish","type":"post","link":"https:\/\/www.cronacaonline.it\/index.php\/2012\/12\/28\/dal-7-gennaio-2013-inizieranno-le-operazioni-di-rinnovo-dei-pass-ztl-in-scadenza-il-prossimo-31-dicembre\/","title":{"rendered":"Dal 7 gennaio 2013 inizieranno le operazioni di rinnovo dei pass ZTL in scadenza il prossimo 31 dicembre"},"content":{"rendered":"<p>A partire dal 7 gennaio 2013 inizieranno le operazioni di&nbsp;rinnovo dei pass ZTL&nbsp;in scadenza il prossimo 31 dicembre. Per ridurre al minimo i disagi, inizialmente potranno presentare richiesta i soli residenti, che avranno tempo di provvedere fino al 31 marzo 2013.<\/p>\n<p>Per evitare la fila agli sportelli \u00e8 gi\u00e0 stata attivata per loro la procedura on-line.&nbsp;Sar\u00e0 sufficiente collegarsi al sito istituzionale del Comune di Cagliari all\u2019indirizzo&nbsp;<a href=\"http:\/\/www.comune.cagliari.it\/\" target=\"_blank\" rel=\"noopener noreferrer\"><FONT color=#0000ff>www.comune.cagliari.it<\/FONT><\/A>&nbsp;per trovare tutte le informazioni per registrarsi ed inviare la richiesta. Dopo la conferma dell'invio, terminato l'iter della pratica, il richiedente ricever\u00e0 una e-mail di conferma nella quale sar\u00e0 indicato il numero del pass assegnato e le modalit\u00e0 semplificate per il ritiro.<\/p>\n<p>I&nbsp;residenti che intenderanno seguire invece la procedura tradizionale, dovranno scaricare il modulo dal sito del Comune, nella sezione \u201cModulistica\u201d - \u201cViabilit\u00e0 e Mobilit\u00e0\u201d o richiederlo presso l\u2019Ufficio ZTL del Servizio Viabilit\u00e0 e Mobilit\u00e0 \u2013 6\u00b0 piano del Palazzo Civico di Piazza De Gasperi.<\/p>\n<p>Il modulo, debitamente compilato, dovr\u00e0 essere presentato personalmente (o da persona delegata secondo le indicazioni contenute nel modulo) allo stesso ufficio.<\/p>\n<p>Tutte le altre categorie di utenti con pass in scadenza potranno inoltrare richiesta di rinnovo a partire dal 2 aprile 2013 e fino al 31 maggio 2013<\/p>\n<p>Per consentire le operazioni di rinnovo, con determinazione dirigenziale del Servizio Viabilit\u00e0 e Mobilit\u00e0 n. 11923\/2012 del 20\/12\/2012, l'Amministrazione Comunale ha disposto la proroga d'ufficio fino al 30 giugno 2013 della validit\u00e0 di tutti i pass ztl, delle aree pedonali e delle aree riservate interessati al rinnovo.<\/p>\n<p>Per informazioni: Ufficio ZTL \u2013 Piazza De Gasperi 2 \u2013 piano 6\u00b0; tel. 070-677 8303\/8573; mail&nbsp;<a href=\"mailto:ufficioztl@comune.cagliari.it\" target=\"_self\" rel=\"noopener noreferrer\"><FONT color=#0000ff>ufficioztl@comune.cagliari.it<\/FONT><\/A><\/p>\n<p>Orario al pubblico: da luned\u00ec a venerd\u00ec 9.30 - 12.30, marted\u00ec 16.00 - 17.30.<\/p>\n<p>Ufficio Relazioni con il Pubblico numero verde 800 016 058: da luned\u00ec a venerd\u00ec 9.00 - 12.00 e luned\u00ec e gioved\u00ec 15.30 - 17.30. Com<\/p>\n","protected":false},"excerpt":{"rendered":"<p>A partire dal 7 gennaio 2013 inizieranno le operazioni di&nbsp;rinnovo dei pass ZTL&nbsp;in scadenza il prossimo 31 dicembre. Per ridurre al minimo i disagi, inizialmente&#8230;<\/p>\n","protected":false},"author":2,"featured_media":0,"comment_status":"closed","ping_status":"closed","sticky":false,"template":"","format":"standard","meta":[],"categories":[49],"tags":[],"_links":{"self":[{"href":"https:\/\/www.cronacaonline.it\/index.php\/wp-json\/wp\/v2\/posts\/75651"}],"collection":[{"href":"https:\/\/www.cronacaonline.it\/index.php\/wp-json\/wp\/v2\/posts"}],"about":[{"href":"https:\/\/www.cronacaonline.it\/index.php\/wp-json\/wp\/v2\/types\/post"}],"author":[{"embeddable":true,"href":"https:\/\/www.cronacaonline.it\/index.php\/wp-json\/wp\/v2\/users\/2"}],"replies":[{"embeddable":true,"href":"https:\/\/www.cronacaonline.it\/index.php\/wp-json\/wp\/v2\/comments?post=75651"}],"version-history":[{"count":0,"href":"https:\/\/www.cronacaonline.it\/index.php\/wp-json\/wp\/v2\/posts\/75651\/revisions"}],"wp:attachment":[{"href":"https:\/\/www.cronacaonline.it\/index.php\/wp-json\/wp\/v2\/media?parent=75651"}],"wp:term":[{"taxonomy":"category","embeddable":true,"href":"https:\/\/www.cronacaonline.it\/index.php\/wp-json\/wp\/v2\/categories?post=75651"},{"taxonomy":"post_tag","embeddable":true,"href":"https:\/\/www.cronacaonline.it\/index.php\/wp-json\/wp\/v2\/tags?post=75651"}],"curies":[{"name":"wp","href":"https:\/\/api.w.org\/{rel}","templated":true}]}}