{"id":75637,"date":"2012-12-13T00:00:00","date_gmt":"2012-12-12T23:00:00","guid":{"rendered":"http:\/\/www.cronacaonline.it\/public\/content\/index.php\/2012\/12\/13\/bersani-dopo-il-voto-non-ci-sara-unitalia-ingovernabile\/"},"modified":"2012-12-13T00:00:00","modified_gmt":"2012-12-12T23:00:00","slug":"bersani-dopo-il-voto-non-ci-sara-unitalia-ingovernabile","status":"publish","type":"post","link":"https:\/\/www.cronacaonline.it\/index.php\/2012\/12\/13\/bersani-dopo-il-voto-non-ci-sara-unitalia-ingovernabile\/","title":{"rendered":"Bersani: dopo il voto non ci sar\u00e0 un&#8217;Italia ingovernabile"},"content":{"rendered":"<p>\"Basta una giravolta di Berlusconi per risolvere il problema delle prime pagine dei giornali. Berlusconi non vincer\u00e0. Sta cercando di salvare il salvabile e mettersi al centro della scena\". Cos\u00ec il leader del Pd, Pier Luigi Bersani, incontrando i giornalisti della stampa estera a Roma. \"Questa \u00e8 la forza di Berlusconi, ma io non intendo fare la prossima campagna elettorale 'Berlusconi s\u00ec Berlusconi no' \".<\/p>\n<p>\"Esiste un Partito democratico che \u00e8 il prodotto di diverse culture. Quanto alle nostre alleanze, Vendola e Nencini hanno sottoscritto il patto con noi\". \"Vendola \u00e8 una forza politica saldamente europeista - ha detto - anche se con dei punti di dissenso. Sul tema ambientale e sul tema dei diritti il partito di Vendola \u00e8 prezioso\".<\/p>\n<p>\"Ribadisco che rigore e credibilit\u00e0 del governo Monti sono per noi un punto di non ritorno. Io ci voglio mettere pi\u00f9 riforme di quante fatte da Monti perch\u00e9 per farle ci vuole una maggioranza politica e coesa\". \"Sfido a mettere in discussione il profilo europeista del mio partito - ha poi sottolineato il segretario del Pd - il Pd \u00e8 il partito pi\u00f9 europeista di Italia\".<\/p>\n<p>\"Non voglio piacere agli italiani, ma ottenere la loro fiducia, anche perch\u00e9 con loro voglio parlare chiaro. Chieder\u00f2 uno sforzo per assicurare all'Italia una posizione di primo piano nella casa comune europea\". Il candidato alle elezioni del Pd sottolinea la sua linea europeista, ma precisa che \"l'austerit\u00e0 deve essere accompagnata da misure per incentivare la congiuntura. Stiamo tutti sullo stesso treno, anche la Germania e la Grecia. Ci sono scompartimenti pi\u00f9 comodi ed altri meno confortevoli, ma viaggiamo tutti nella stessa direzione, verso il negativo. Non si pu\u00f2 andare avanti cos\u00ec, il continente pi\u00f9 forte del mondo non pu\u00f2 diventare anche il problema per il mondo intero. Da solo non si salva nessuno. Molti pensano che le cose andrebbero meglio se ci si liberasse dei pi\u00f9 deboli\".<\/p>\n<p>\"Io ho detto a Monti che deve continuare ad avere un ruolo in questo Paese. Dopo le elezioni, se vinco, il primo colloquio lo farei con lui. Confermo la mia assoluta intenzione di vedere il presidente Monti ancora impegnato\".<BR>\"Io sono sicuro che non ci sar\u00e0 ingovernabilit\u00e0 sia per i numeri sia per la politica perch\u00e9 in qualsiasi condizione numerica siamo disponibili ad un dialogo con le forze del centro europeiste e costituzionali\", ha detto ancora Bersani.<\/p>\n","protected":false},"excerpt":{"rendered":"<p>&#8220;Basta una giravolta di Berlusconi per risolvere il problema delle prime pagine dei giornali. Berlusconi non vincer\u00e0. Sta cercando di salvare il salvabile e mettersi&#8230;<\/p>\n","protected":false},"author":2,"featured_media":0,"comment_status":"closed","ping_status":"closed","sticky":false,"template":"","format":"standard","meta":[],"categories":[49],"tags":[],"_links":{"self":[{"href":"https:\/\/www.cronacaonline.it\/index.php\/wp-json\/wp\/v2\/posts\/75637"}],"collection":[{"href":"https:\/\/www.cronacaonline.it\/index.php\/wp-json\/wp\/v2\/posts"}],"about":[{"href":"https:\/\/www.cronacaonline.it\/index.php\/wp-json\/wp\/v2\/types\/post"}],"author":[{"embeddable":true,"href":"https:\/\/www.cronacaonline.it\/index.php\/wp-json\/wp\/v2\/users\/2"}],"replies":[{"embeddable":true,"href":"https:\/\/www.cronacaonline.it\/index.php\/wp-json\/wp\/v2\/comments?post=75637"}],"version-history":[{"count":0,"href":"https:\/\/www.cronacaonline.it\/index.php\/wp-json\/wp\/v2\/posts\/75637\/revisions"}],"wp:attachment":[{"href":"https:\/\/www.cronacaonline.it\/index.php\/wp-json\/wp\/v2\/media?parent=75637"}],"wp:term":[{"taxonomy":"category","embeddable":true,"href":"https:\/\/www.cronacaonline.it\/index.php\/wp-json\/wp\/v2\/categories?post=75637"},{"taxonomy":"post_tag","embeddable":true,"href":"https:\/\/www.cronacaonline.it\/index.php\/wp-json\/wp\/v2\/tags?post=75637"}],"curies":[{"name":"wp","href":"https:\/\/api.w.org\/{rel}","templated":true}]}}