{"id":75620,"date":"2012-11-21T00:00:00","date_gmt":"2012-11-20T23:00:00","guid":{"rendered":"http:\/\/www.cronacaonline.it\/public\/content\/index.php\/2012\/11\/21\/dichiarazione-del-sindaco-di-quartu-se-mauro-contini-siamo-per-il-confronto-di-idee-non-per-delle-primarie-finte\/"},"modified":"2012-11-21T00:00:00","modified_gmt":"2012-11-20T23:00:00","slug":"dichiarazione-del-sindaco-di-quartu-se-mauro-contini-siamo-per-il-confronto-di-idee-non-per-delle-primarie-finte","status":"publish","type":"post","link":"https:\/\/www.cronacaonline.it\/index.php\/2012\/11\/21\/dichiarazione-del-sindaco-di-quartu-se-mauro-contini-siamo-per-il-confronto-di-idee-non-per-delle-primarie-finte\/","title":{"rendered":"Dichiarazione del Sindaco di Quartu S.E., Mauro Contini: \u201cSiamo per il confronto di idee, non per delle primarie finte\u201d"},"content":{"rendered":"<p>\u00abUn indispensabile e atteso confronto di idee, non importa se acceso, purch\u00e9 sia in grado di dare nuovo slancio al partito e al centrodestra\u00bb.<br \/>E\u2019 quando afferma il sindaco di Quartu Sant\u2019Elena, Mauro Contini, in merito alle primarie del Pdl.<\/p>\n<p>\u00abIl Popolo della libert\u00e0 \u2013 spiega Contini \u2013 deve uscire al pi\u00f9 presto da una situazione che sta regredendo sempre pi\u00f9 verso un pericoloso immobilismo. Una fase dannosa soprattutto per chi ha responsabilit\u00e0 nel territorio e vive oggi una condizione di isolamento. Il Pdl si deve quindi aprire all\u2019esterno, fare tesoro di idee e proposte e accogliere come sfide le necessit\u00e0 e i bisogni del Paese.<\/p>\n<p>\u00abBen venga quindi il confronto dialettico \u2013 conclude il sindaco di Quartu Sant\u2019Elena - e ben vengano le diverse candidature. Una pluralit\u00e0 di voci che, ne sono convinto, \u00e8 destinata ad arricchire di contenuti il dibattito. In questo momento il Pdl non ha certamente bisogno di primarie finte, ma di un confronto di idee approfondito in grado di gettare le nuove basi delle nostra forza politica\u00bb. Com-red<\/p>\n","protected":false},"excerpt":{"rendered":"<p>\u00abUn indispensabile e atteso confronto di idee, non importa se acceso, purch\u00e9 sia in grado di dare nuovo slancio al partito e al centrodestra\u00bb.E\u2019 quando&#8230;<\/p>\n","protected":false},"author":2,"featured_media":0,"comment_status":"closed","ping_status":"closed","sticky":false,"template":"","format":"standard","meta":[],"categories":[49],"tags":[],"_links":{"self":[{"href":"https:\/\/www.cronacaonline.it\/index.php\/wp-json\/wp\/v2\/posts\/75620"}],"collection":[{"href":"https:\/\/www.cronacaonline.it\/index.php\/wp-json\/wp\/v2\/posts"}],"about":[{"href":"https:\/\/www.cronacaonline.it\/index.php\/wp-json\/wp\/v2\/types\/post"}],"author":[{"embeddable":true,"href":"https:\/\/www.cronacaonline.it\/index.php\/wp-json\/wp\/v2\/users\/2"}],"replies":[{"embeddable":true,"href":"https:\/\/www.cronacaonline.it\/index.php\/wp-json\/wp\/v2\/comments?post=75620"}],"version-history":[{"count":0,"href":"https:\/\/www.cronacaonline.it\/index.php\/wp-json\/wp\/v2\/posts\/75620\/revisions"}],"wp:attachment":[{"href":"https:\/\/www.cronacaonline.it\/index.php\/wp-json\/wp\/v2\/media?parent=75620"}],"wp:term":[{"taxonomy":"category","embeddable":true,"href":"https:\/\/www.cronacaonline.it\/index.php\/wp-json\/wp\/v2\/categories?post=75620"},{"taxonomy":"post_tag","embeddable":true,"href":"https:\/\/www.cronacaonline.it\/index.php\/wp-json\/wp\/v2\/tags?post=75620"}],"curies":[{"name":"wp","href":"https:\/\/api.w.org\/{rel}","templated":true}]}}